{"id":2067,"date":"2022-03-15T07:20:43","date_gmt":"2022-03-15T07:20:43","guid":{"rendered":"http:\/\/120.72.95.94:55147\/?p=2067"},"modified":"2024-05-24T11:59:53","modified_gmt":"2024-05-24T18:59:53","slug":"arizona-se-calienta-y-la-temporada-de-alergias-entra-en-su-apogeo","status":"publish","type":"post","link":"https:\/\/affderm.com\/es\/as-arizona-warms-up-allergy-season-kicks-into-full-swing\/","title":{"rendered":"A medida que suben las temperaturas en Arizona, la temporada de alergias entra en pleno apogeo"},"content":{"rendered":"<div data-elementor-type=\"wp-post\" data-elementor-id=\"2067\" class=\"elementor elementor-2067\">\n\t\t\t\t\t\t<section class=\"elementor-section elementor-top-section elementor-element elementor-element-8c7da8f elementor-section-boxed elementor-section-height-default elementor-section-height-default\" data-id=\"8c7da8f\" data-element_type=\"section\" data-e-type=\"section\">\n\t\t\t\t\t\t<div class=\"elementor-container elementor-column-gap-default\">\n\t\t\t\t\t<div class=\"elementor-column elementor-col-100 elementor-top-column elementor-element elementor-element-a68abb2\" data-id=\"a68abb2\" data-element_type=\"column\" data-e-type=\"column\">\n\t\t\t<div class=\"elementor-widget-wrap elementor-element-populated\">\n\t\t\t\t\t\t<div class=\"elementor-element elementor-element-2620912 elementor-widget elementor-widget-text-editor\" data-id=\"2620912\" data-element_type=\"widget\" data-e-type=\"widget\" data-widget_type=\"text-editor.default\">\n\t\t\t\t<div class=\"elementor-widget-container\">\n\t\t\t\t\t\t\t\t\t<p>Con la llegada de la primavera en Arizona, es posible que oiga a la gente quejarse de que le moquea la nariz, le lloran los ojos o le pica la piel, a medida que la temporada de alergias se pone en marcha.<\/p><p>La afecci\u00f3n estacional no s\u00f3lo puede causar los s\u00edntomas anteriores, sino tambi\u00e9n fatiga.<\/p><p>\"Las alergias son esencialmente preocupar a su cuerpo con dolores de cabeza, inflamaci\u00f3n de las fosas nasales, asma, erupciones en la piel\", dijo el Dr. Andrew Newman con Dermatolog\u00eda Afiliados. \"Con esto, tu cuerpo se queda sin energ\u00eda\".<\/p><p>Newman afirma que la fatiga tambi\u00e9n puede deberse a un mal sue\u00f1o.<\/p><p>\"Las alergias pueden obstruir los conductos nasales de tal manera que, en realidad, se tienen dificultades para dormir\", explica. \"Ese problema con el sue\u00f1o tambi\u00e9n puede provocar alg\u00fan tipo de fatiga\".<\/p><p>Sin embargo, Newman afirma que los antihistam\u00ednicos de venta sin receta pueden ser una esperanza para los afectados.<\/p><p>\"No sedante siempre se recomienda ... (en lugar de) Benadryl\", dijo. \"(Benadryl) tambi\u00e9n tiene un buen efecto, pero te va a dar sue\u00f1o\".<\/p><p>Seg\u00fan\u00a0<a href=\"https:\/\/www.webmd.com\/allergies\/know-your-allergy-triggers#1\" target=\"_blank\" rel=\"noopener\">WebMD<\/a>Algunos de los desencadenantes de alergias m\u00e1s comunes son el polen, la caspa de los animales y las picaduras de insectos.<\/p><p>La dermatitis de contacto es una afecci\u00f3n cut\u00e1nea com\u00fan con las alergias. El material infeccioso puede provocar erupciones cut\u00e1neas o urticaria con picor.<\/p><hr \/><article id=\"article-4TBzoUZ5d6MUMwYoOo0ymY\" class=\"article\" title=\"\" data-social-title=\"Rashes Men Get (and Don't Like to Talk About)\" data-social-url=\"https:\/\/www.healthcentral.com\/article\/rashes-men-get-and-dont-like-to-talk-about\" data-social-img=\"\/\/images.ctfassets.net\/406ai0ux7ky0\/7K6wEYcUOkCiSGgCoCyGOM\/80326d204431051a0fb5e4cfc4b7854b\/iS-Rashes_Men_Get__and_Don_t_Like_to_Talk_About_-iStock-911803248.jpg\" data-social-cat=\"\" data-slug=\"\/article\/rashes-men-get-and-dont-like-to-talk-about\" data-lytics=\"{\" data-id=\"4TBzoUZ5d6MUMwYoOo0ymY\" data-ad=\"{\" data-template=\"default\"><h5 class=\"article--body\"><em>Publicado originalmente por\u00a0<a href=\"http:\/\/ktar.com\/\" target=\"_blank\" rel=\"noopener\">Noticias KTAR<\/a>. \"A medida que Arizona se calienta, la temporada de alergias entra en su apogeo\". Kathy Cline. 2 de abril de 2018 a las 4:35 AM<\/em><\/h5><h5 class=\"article--body\"><a href=\"http:\/\/ktar.com\/story\/2007461\/arizona-warms-up-allergy-season-kicks-into-full-swing\/?\" target=\"_blank\" rel=\"noopener\">Haga clic aqu\u00ed para leer el art\u00edculo original en KTAR News<\/a><\/h5><h5 class=\"article--body\">Cr\u00e9dito de la foto: Dominio p\u00fablico<\/h5><\/article>\t\t\t\t\t\t\t\t<\/div>\n\t\t\t\t<\/div>\n\t\t\t\t\t<\/div>\n\t\t<\/div>\n\t\t\t\t\t<\/div>\n\t\t<\/section>\n\t\t\t\t<\/div>","protected":false},"excerpt":{"rendered":"<p>With Arizona moving into spring, you may hear people complaining about having a runny nose, watery eyes or itchy skin [&hellip;]<\/p>\n","protected":false},"author":1,"featured_media":2068,"comment_status":"closed","ping_status":"closed","sticky":false,"template":"","format":"standard","meta":{"_acf_changed":false,"footnotes":""},"categories":[18],"tags":[],"class_list":["post-2067","post","type-post","status-publish","format-standard","has-post-thumbnail","hentry","category-medical-dermatology"],"acf":[],"yoast_head":"<!-- This site is optimized with the Yoast SEO plugin v27.5 - https:\/\/yoast.com\/product\/yoast-seo-wordpress\/ -->\n<title>As Arizona Warms Up, Allergy Season Kicks into Full Swing - Affiliated Dermatology<\/title>\n<meta name=\"robots\" content=\"index, follow, max-snippet:-1, max-image-preview:large, max-video-preview:-1\" \/>\n<link rel=\"canonical\" href=\"https:\/\/affderm.com\/es\/arizona-se-calienta-y-la-temporada-de-alergias-entra-en-su-apogeo\/\" \/>\n<meta property=\"og:locale\" content=\"es_MX\" \/>\n<meta property=\"og:type\" content=\"article\" \/>\n<meta property=\"og:title\" content=\"As Arizona Warms Up, Allergy Season Kicks into Full Swing - Affiliated Dermatology\" \/>\n<meta property=\"og:description\" content=\"With Arizona moving into spring, you may hear people complaining about having a runny nose, watery eyes or itchy skin [&hellip;]\" \/>\n<meta property=\"og:url\" content=\"https:\/\/affderm.com\/es\/arizona-se-calienta-y-la-temporada-de-alergias-entra-en-su-apogeo\/\" \/>\n<meta property=\"og:site_name\" content=\"Affiliated Dermatology\" \/>\n<meta property=\"article:published_time\" content=\"2022-03-15T07:20:43+00:00\" \/>\n<meta property=\"article:modified_time\" content=\"2024-05-24T18:59:53+00:00\" \/>\n<meta property=\"og:image\" content=\"https:\/\/affderm.com\/wp-content\/uploads\/2022\/03\/affderm-39.png\" \/>\n\t<meta property=\"og:image:width\" content=\"576\" \/>\n\t<meta property=\"og:image:height\" content=\"344\" \/>\n\t<meta property=\"og:image:type\" content=\"image\/png\" \/>\n<meta name=\"author\" content=\"adminaff\" \/>\n<meta name=\"twitter:card\" content=\"summary_large_image\" \/>\n<meta name=\"twitter:label1\" content=\"Escrito por\" \/>\n\t<meta name=\"twitter:data1\" content=\"adminaff\" \/>\n\t<meta name=\"twitter:label2\" content=\"Tiempo de lectura\" \/>\n\t<meta name=\"twitter:data2\" content=\"1 minuto\" \/>\n<script type=\"application\/ld+json\" class=\"yoast-schema-graph\">{\"@context\":\"https:\\\/\\\/schema.org\",\"@graph\":[{\"@type\":\"Article\",\"@id\":\"https:\\\/\\\/affderm.com\\\/as-arizona-warms-up-allergy-season-kicks-into-full-swing\\\/#article\",\"isPartOf\":{\"@id\":\"https:\\\/\\\/affderm.com\\\/as-arizona-warms-up-allergy-season-kicks-into-full-swing\\\/\"},\"author\":{\"name\":\"adminaff\",\"@id\":\"https:\\\/\\\/affderm.com\\\/#\\\/schema\\\/person\\\/2c23376fe825a37257230a8c9f481131\"},\"headline\":\"As Arizona Warms Up, Allergy Season Kicks into Full Swing\",\"datePublished\":\"2022-03-15T07:20:43+00:00\",\"dateModified\":\"2024-05-24T18:59:53+00:00\",\"mainEntityOfPage\":{\"@id\":\"https:\\\/\\\/affderm.com\\\/as-arizona-warms-up-allergy-season-kicks-into-full-swing\\\/\"},\"wordCount\":231,\"image\":{\"@id\":\"https:\\\/\\\/affderm.com\\\/as-arizona-warms-up-allergy-season-kicks-into-full-swing\\\/#primaryimage\"},\"thumbnailUrl\":\"https:\\\/\\\/affderm.com\\\/wp-content\\\/uploads\\\/2022\\\/03\\\/affderm-39.png\",\"articleSection\":[\"Medical Dermatology\"],\"inLanguage\":\"es\"},{\"@type\":\"WebPage\",\"@id\":\"https:\\\/\\\/affderm.com\\\/as-arizona-warms-up-allergy-season-kicks-into-full-swing\\\/\",\"url\":\"https:\\\/\\\/affderm.com\\\/as-arizona-warms-up-allergy-season-kicks-into-full-swing\\\/\",\"name\":\"As Arizona Warms Up, Allergy Season Kicks into Full Swing - Affiliated Dermatology\",\"isPartOf\":{\"@id\":\"https:\\\/\\\/affderm.com\\\/#website\"},\"primaryImageOfPage\":{\"@id\":\"https:\\\/\\\/affderm.com\\\/as-arizona-warms-up-allergy-season-kicks-into-full-swing\\\/#primaryimage\"},\"image\":{\"@id\":\"https:\\\/\\\/affderm.com\\\/as-arizona-warms-up-allergy-season-kicks-into-full-swing\\\/#primaryimage\"},\"thumbnailUrl\":\"https:\\\/\\\/affderm.com\\\/wp-content\\\/uploads\\\/2022\\\/03\\\/affderm-39.png\",\"datePublished\":\"2022-03-15T07:20:43+00:00\",\"dateModified\":\"2024-05-24T18:59:53+00:00\",\"author\":{\"@id\":\"https:\\\/\\\/affderm.com\\\/#\\\/schema\\\/person\\\/2c23376fe825a37257230a8c9f481131\"},\"breadcrumb\":{\"@id\":\"https:\\\/\\\/affderm.com\\\/as-arizona-warms-up-allergy-season-kicks-into-full-swing\\\/#breadcrumb\"},\"inLanguage\":\"es\",\"potentialAction\":[{\"@type\":\"ReadAction\",\"target\":[\"https:\\\/\\\/affderm.com\\\/as-arizona-warms-up-allergy-season-kicks-into-full-swing\\\/\"]}]},{\"@type\":\"ImageObject\",\"inLanguage\":\"es\",\"@id\":\"https:\\\/\\\/affderm.com\\\/as-arizona-warms-up-allergy-season-kicks-into-full-swing\\\/#primaryimage\",\"url\":\"https:\\\/\\\/affderm.com\\\/wp-content\\\/uploads\\\/2022\\\/03\\\/affderm-39.png\",\"contentUrl\":\"https:\\\/\\\/affderm.com\\\/wp-content\\\/uploads\\\/2022\\\/03\\\/affderm-39.png\",\"width\":576,\"height\":344},{\"@type\":\"BreadcrumbList\",\"@id\":\"https:\\\/\\\/affderm.com\\\/as-arizona-warms-up-allergy-season-kicks-into-full-swing\\\/#breadcrumb\",\"itemListElement\":[{\"@type\":\"ListItem\",\"position\":1,\"name\":\"Home\",\"item\":\"https:\\\/\\\/affderm.com\\\/\"},{\"@type\":\"ListItem\",\"position\":2,\"name\":\"As Arizona Warms Up, Allergy Season Kicks into Ful\"}]},{\"@type\":\"WebSite\",\"@id\":\"https:\\\/\\\/affderm.com\\\/#website\",\"url\":\"https:\\\/\\\/affderm.com\\\/\",\"name\":\"Affiliated Dermatology\",\"description\":\"Experts in Skin Disease Treatment &amp; Prevention\",\"potentialAction\":[{\"@type\":\"SearchAction\",\"target\":{\"@type\":\"EntryPoint\",\"urlTemplate\":\"https:\\\/\\\/affderm.com\\\/?s={search_term_string}\"},\"query-input\":{\"@type\":\"PropertyValueSpecification\",\"valueRequired\":true,\"valueName\":\"search_term_string\"}}],\"inLanguage\":\"es\"},{\"@type\":\"Person\",\"@id\":\"https:\\\/\\\/affderm.com\\\/#\\\/schema\\\/person\\\/2c23376fe825a37257230a8c9f481131\",\"name\":\"adminaff\",\"sameAs\":[\"https:\\\/\\\/affderm.com\\\/affderm.com\"],\"url\":\"https:\\\/\\\/affderm.com\\\/es\\\/author\\\/adminaff\\\/\"}]}<\/script>\n<!-- \/ Yoast SEO plugin. -->","yoast_head_json":{"title":"A medida que Arizona se calienta, la temporada de alergias entra en pleno apogeo - Affiliated Dermatology","robots":{"index":"index","follow":"follow","max-snippet":"max-snippet:-1","max-image-preview":"max-image-preview:large","max-video-preview":"max-video-preview:-1"},"canonical":"https:\/\/affderm.com\/es\/arizona-se-calienta-y-la-temporada-de-alergias-entra-en-su-apogeo\/","og_locale":"es_MX","og_type":"article","og_title":"As Arizona Warms Up, Allergy Season Kicks into Full Swing - Affiliated Dermatology","og_description":"With Arizona moving into spring, you may hear people complaining about having a runny nose, watery eyes or itchy skin [&hellip;]","og_url":"https:\/\/affderm.com\/es\/arizona-se-calienta-y-la-temporada-de-alergias-entra-en-su-apogeo\/","og_site_name":"Affiliated Dermatology","article_published_time":"2022-03-15T07:20:43+00:00","article_modified_time":"2024-05-24T18:59:53+00:00","og_image":[{"width":576,"height":344,"url":"https:\/\/affderm.com\/wp-content\/uploads\/2022\/03\/affderm-39.png","type":"image\/png"}],"author":"adminaff","twitter_card":"summary_large_image","twitter_misc":{"Escrito por":"adminaff","Tiempo de lectura":"1 minuto"},"schema":{"@context":"https:\/\/schema.org","@graph":[{"@type":"Article","@id":"https:\/\/affderm.com\/as-arizona-warms-up-allergy-season-kicks-into-full-swing\/#article","isPartOf":{"@id":"https:\/\/affderm.com\/as-arizona-warms-up-allergy-season-kicks-into-full-swing\/"},"author":{"name":"adminaff","@id":"https:\/\/affderm.com\/#\/schema\/person\/2c23376fe825a37257230a8c9f481131"},"headline":"As Arizona Warms Up, Allergy Season Kicks into Full Swing","datePublished":"2022-03-15T07:20:43+00:00","dateModified":"2024-05-24T18:59:53+00:00","mainEntityOfPage":{"@id":"https:\/\/affderm.com\/as-arizona-warms-up-allergy-season-kicks-into-full-swing\/"},"wordCount":231,"image":{"@id":"https:\/\/affderm.com\/as-arizona-warms-up-allergy-season-kicks-into-full-swing\/#primaryimage"},"thumbnailUrl":"https:\/\/affderm.com\/wp-content\/uploads\/2022\/03\/affderm-39.png","articleSection":["Medical Dermatology"],"inLanguage":"es"},{"@type":"WebPage","@id":"https:\/\/affderm.com\/as-arizona-warms-up-allergy-season-kicks-into-full-swing\/","url":"https:\/\/affderm.com\/as-arizona-warms-up-allergy-season-kicks-into-full-swing\/","name":"A medida que Arizona se calienta, la temporada de alergias entra en pleno apogeo - Affiliated Dermatology","isPartOf":{"@id":"https:\/\/affderm.com\/#website"},"primaryImageOfPage":{"@id":"https:\/\/affderm.com\/as-arizona-warms-up-allergy-season-kicks-into-full-swing\/#primaryimage"},"image":{"@id":"https:\/\/affderm.com\/as-arizona-warms-up-allergy-season-kicks-into-full-swing\/#primaryimage"},"thumbnailUrl":"https:\/\/affderm.com\/wp-content\/uploads\/2022\/03\/affderm-39.png","datePublished":"2022-03-15T07:20:43+00:00","dateModified":"2024-05-24T18:59:53+00:00","author":{"@id":"https:\/\/affderm.com\/#\/schema\/person\/2c23376fe825a37257230a8c9f481131"},"breadcrumb":{"@id":"https:\/\/affderm.com\/as-arizona-warms-up-allergy-season-kicks-into-full-swing\/#breadcrumb"},"inLanguage":"es","potentialAction":[{"@type":"ReadAction","target":["https:\/\/affderm.com\/as-arizona-warms-up-allergy-season-kicks-into-full-swing\/"]}]},{"@type":"ImageObject","inLanguage":"es","@id":"https:\/\/affderm.com\/as-arizona-warms-up-allergy-season-kicks-into-full-swing\/#primaryimage","url":"https:\/\/affderm.com\/wp-content\/uploads\/2022\/03\/affderm-39.png","contentUrl":"https:\/\/affderm.com\/wp-content\/uploads\/2022\/03\/affderm-39.png","width":576,"height":344},{"@type":"BreadcrumbList","@id":"https:\/\/affderm.com\/as-arizona-warms-up-allergy-season-kicks-into-full-swing\/#breadcrumb","itemListElement":[{"@type":"ListItem","position":1,"name":"Home","item":"https:\/\/affderm.com\/"},{"@type":"ListItem","position":2,"name":"As Arizona Warms Up, Allergy Season Kicks into Ful"}]},{"@type":"WebSite","@id":"https:\/\/affderm.com\/#website","url":"https:\/\/affderm.com\/","name":"Dermatolog\u00eda afiliada","description":"Expertos en tratamiento y prevenci\u00f3n de enfermedades cut\u00e1neas","potentialAction":[{"@type":"SearchAction","target":{"@type":"EntryPoint","urlTemplate":"https:\/\/affderm.com\/?s={search_term_string}"},"query-input":{"@type":"PropertyValueSpecification","valueRequired":true,"valueName":"search_term_string"}}],"inLanguage":"es"},{"@type":"Person","@id":"https:\/\/affderm.com\/#\/schema\/person\/2c23376fe825a37257230a8c9f481131","name":"adminaff","sameAs":["https:\/\/affderm.com\/affderm.com"],"url":"https:\/\/affderm.com\/es\/author\/adminaff\/"}]}},"_links":{"self":[{"href":"https:\/\/affderm.com\/es\/wp-json\/wp\/v2\/posts\/2067","targetHints":{"allow":["GET"]}}],"collection":[{"href":"https:\/\/affderm.com\/es\/wp-json\/wp\/v2\/posts"}],"about":[{"href":"https:\/\/affderm.com\/es\/wp-json\/wp\/v2\/types\/post"}],"author":[{"embeddable":true,"href":"https:\/\/affderm.com\/es\/wp-json\/wp\/v2\/users\/1"}],"replies":[{"embeddable":true,"href":"https:\/\/affderm.com\/es\/wp-json\/wp\/v2\/comments?post=2067"}],"version-history":[{"count":0,"href":"https:\/\/affderm.com\/es\/wp-json\/wp\/v2\/posts\/2067\/revisions"}],"wp:featuredmedia":[{"embeddable":true,"href":"https:\/\/affderm.com\/es\/wp-json\/wp\/v2\/media\/2068"}],"wp:attachment":[{"href":"https:\/\/affderm.com\/es\/wp-json\/wp\/v2\/media?parent=2067"}],"wp:term":[{"taxonomy":"category","embeddable":true,"href":"https:\/\/affderm.com\/es\/wp-json\/wp\/v2\/categories?post=2067"},{"taxonomy":"post_tag","embeddable":true,"href":"https:\/\/affderm.com\/es\/wp-json\/wp\/v2\/tags?post=2067"}],"curies":[{"name":"wp","href":"https:\/\/api.w.org\/{rel}","templated":true}]}}