{"id":2159,"date":"2022-03-15T09:05:18","date_gmt":"2022-03-15T09:05:18","guid":{"rendered":"http:\/\/120.72.95.94:55147\/?p=2159"},"modified":"2024-11-22T19:23:44","modified_gmt":"2024-11-23T02:23:44","slug":"lo-que-la-piel-seca-puede-significar-para-su-salud","status":"publish","type":"post","link":"https:\/\/affderm.com\/es\/what-dry-skin-may-mean-for-your-health\/","title":{"rendered":"Lo que la piel seca puede significar para su salud"},"content":{"rendered":"<div data-elementor-type=\"wp-post\" data-elementor-id=\"2159\" class=\"elementor elementor-2159\">\n\t\t\t\t\t\t<section class=\"elementor-section elementor-top-section elementor-element elementor-element-54a183a elementor-section-boxed elementor-section-height-default elementor-section-height-default\" data-id=\"54a183a\" data-element_type=\"section\" data-e-type=\"section\">\n\t\t\t\t\t\t<div class=\"elementor-container elementor-column-gap-default\">\n\t\t\t\t\t<div class=\"elementor-column elementor-col-100 elementor-top-column elementor-element elementor-element-af32af7\" data-id=\"af32af7\" data-element_type=\"column\" data-e-type=\"column\">\n\t\t\t<div class=\"elementor-widget-wrap elementor-element-populated\">\n\t\t\t\t\t\t<div class=\"elementor-element elementor-element-3a28e46 elementor-widget elementor-widget-text-editor\" data-id=\"3a28e46\" data-element_type=\"widget\" data-e-type=\"widget\" data-widget_type=\"text-editor.default\">\n\t\t\t\t<div class=\"elementor-widget-container\">\n\t\t\t\t\t\t\t\t\t<div>En realidad, la piel seca no es m\u00e1s que una inflamaci\u00f3n causada normalmente por la seborrea, pero tambi\u00e9n puede deberse a otras afecciones cut\u00e1neas, as\u00ed como al c\u00e1ncer de piel.<\/div><div class=\"entry-content\"><p>\u00a0<\/p><\/div><div class=\"entry-content\"><div><div id=\"mod_27279250\" class=\"full module moduleText\"><div id=\"txtd_27279250\" class=\"txtd\"><p>Los c\u00e1nceres de piel pueden aparecer como zonas secas de piel sobre el cuero cabelludo y si le preocupa un c\u00e1ncer de piel o si tiene algunos de los factores de riesgo de c\u00e1ncer de piel mencionados anteriormente, le recomendamos que visite al dermat\u00f3logo para que le haga una evaluaci\u00f3n.<\/p><h3>Cu\u00e1ndo acudir al m\u00e9dico por la sequedad de la piel<\/h3><\/div><\/div><div id=\"mod_45812513\" class=\"full module moduleCallout\"><div id=\"45812513_callout\"><div class=\"callout quote\"><div class=\"quote_text\"><blockquote><p class=\"\">\"Volviendo a la realidad por un momento:\u00a0<span id=\"0.43456224496751217\" class=\"highlight\">seco<\/span>\u00a0<span id=\"0.26904011727244437\" class=\"highlight\">piel<\/span>\u00a0podr\u00eda significar\u00a0<span id=\"0.006984124747824616\" class=\"highlight\">piel<\/span>\u00a0c\u00e1ncer.\u00a0<span id=\"0.46483782509462857\" class=\"highlight\">Piel<\/span>\u00a0c\u00e1ncer puede aumentar la descamaci\u00f3n de\u00a0<span id=\"0.938772975717455\" class=\"highlight\">piel<\/span>\u00a0y enga\u00f1arnos haci\u00e9ndonos creer que simplemente le falta hidrataci\u00f3n. En el valle de Phoenix\/Scottsdale, en Arizona, la tierra de la radiaci\u00f3n solar intensa, los dermat\u00f3logos vemos esto todos los d\u00edas, todos los d\u00edas. En mi consulta, un paciente de m\u00e1s de 40 a\u00f1os,\u00a0<span id=\"0.36892499185675764\" class=\"highlight\">seco<\/span>-las manchas que aparecen en la frente y la cara tienen una probabilidad 50% de ser (o convertirse en) precoces\u00a0<span id=\"0.5703318151599197\" class=\"highlight\">piel<\/span>\u00a0c\u00e1nceres.<\/p><p>Segundo punto: menos es m\u00e1s. Menos es m\u00e1s cuando se trata de aplicar\u00a0<span id=\"0.7844956974255533\" class=\"highlight\">piel<\/span>\u00a0productos en la cara. Si su cara est\u00e1 enrojecida o irritada de alguna manera, casi siempre es una\u00a0<span id=\"0.7918214155320429\" class=\"highlight\">piel<\/span>\u00a0producto. Aunque muchos remedios de venta libre y a base de hierbas pueden ayudar con\u00a0<span id=\"0.5492831962851035\" class=\"highlight\">seco<\/span>\u00a0<span id=\"0.7556425013587622\" class=\"highlight\">piel<\/span>pero tambi\u00e9n pueden ser irritantes para su familia.\u00a0<span id=\"0.7952316603061127\" class=\"highlight\">piel<\/span>. Cremas hidratantes probadas y verdaderas como Vanicream, Eucerin, Aveeno y Cerave son excelentes y por lo general esto es todo lo que necesita para\u00a0<span id=\"0.6461519563493487\" class=\"highlight\">seco<\/span>\u00a0<span id=\"0.5165955363697654\" class=\"highlight\">piel<\/span>.\"<\/p><p class=\"\">- Andrew J. Newman, DO, Dermatolog\u00eda Afiliada<\/p><\/blockquote><\/div><\/div><\/div><\/div><\/div><p>Para leer el art\u00edculo completo de Bellatory sobre tratamientos f\u00e1ciles para la piel seca, en el que se citan los consejos del Dr. Newman, consulte\u00a0<a href=\"https:\/\/bellatory.com\/skin\/Flaky-and-Dry-Skin-on-forehead-and-on-Face-Easy-Treatment-and-Tips\">pulse aqu\u00ed<\/a>.<\/p><\/div>\t\t\t\t\t\t\t\t<\/div>\n\t\t\t\t<\/div>\n\t\t\t\t\t<\/div>\n\t\t<\/div>\n\t\t\t\t\t<\/div>\n\t\t<\/section>\n\t\t\t\t<\/div>","protected":false},"excerpt":{"rendered":"<p>Dry skin is actually just inflammation typically caused by seborrhea, but also could be caused by other skin conditions, as [&hellip;]<\/p>\n","protected":false},"author":1,"featured_media":2160,"comment_status":"closed","ping_status":"closed","sticky":false,"template":"","format":"standard","meta":{"_acf_changed":false,"footnotes":""},"categories":[19],"tags":[],"class_list":["post-2159","post","type-post","status-publish","format-standard","has-post-thumbnail","hentry","category-skin-conditions"],"acf":[],"yoast_head":"<!-- This site is optimized with the Yoast SEO plugin v27.5 - https:\/\/yoast.com\/product\/yoast-seo-wordpress\/ -->\n<title>What Dry Skin May Mean for Your Health - Affiliated Dermatology<\/title>\n<meta name=\"robots\" content=\"index, follow, max-snippet:-1, max-image-preview:large, max-video-preview:-1\" \/>\n<link rel=\"canonical\" href=\"https:\/\/affderm.com\/es\/lo-que-la-piel-seca-puede-significar-para-su-salud\/\" \/>\n<meta property=\"og:locale\" content=\"es_MX\" \/>\n<meta property=\"og:type\" content=\"article\" \/>\n<meta property=\"og:title\" content=\"What Dry Skin May Mean for Your Health - Affiliated Dermatology\" \/>\n<meta property=\"og:description\" content=\"Dry skin is actually just inflammation typically caused by seborrhea, but also could be caused by other skin conditions, as [&hellip;]\" \/>\n<meta property=\"og:url\" content=\"https:\/\/affderm.com\/es\/lo-que-la-piel-seca-puede-significar-para-su-salud\/\" \/>\n<meta property=\"og:site_name\" content=\"Affiliated Dermatology\" \/>\n<meta property=\"article:published_time\" content=\"2022-03-15T09:05:18+00:00\" \/>\n<meta property=\"article:modified_time\" content=\"2024-11-23T02:23:44+00:00\" \/>\n<meta property=\"og:image\" content=\"https:\/\/affderm.com\/wp-content\/uploads\/2022\/03\/affderm-60-1200x675.png\" \/>\n\t<meta property=\"og:image:width\" content=\"1200\" \/>\n\t<meta property=\"og:image:height\" content=\"675\" \/>\n\t<meta property=\"og:image:type\" content=\"image\/png\" \/>\n<meta name=\"author\" content=\"adminaff\" \/>\n<meta name=\"twitter:card\" content=\"summary_large_image\" \/>\n<meta name=\"twitter:label1\" content=\"Escrito por\" \/>\n\t<meta name=\"twitter:data1\" content=\"adminaff\" \/>\n\t<meta name=\"twitter:label2\" content=\"Tiempo de lectura\" \/>\n\t<meta name=\"twitter:data2\" content=\"1 minuto\" \/>\n<script type=\"application\/ld+json\" class=\"yoast-schema-graph\">{\"@context\":\"https:\\\/\\\/schema.org\",\"@graph\":[{\"@type\":\"Article\",\"@id\":\"https:\\\/\\\/affderm.com\\\/what-dry-skin-may-mean-for-your-health\\\/#article\",\"isPartOf\":{\"@id\":\"https:\\\/\\\/affderm.com\\\/what-dry-skin-may-mean-for-your-health\\\/\"},\"author\":{\"name\":\"adminaff\",\"@id\":\"https:\\\/\\\/affderm.com\\\/#\\\/schema\\\/person\\\/2c23376fe825a37257230a8c9f481131\"},\"headline\":\"What Dry Skin May Mean for Your Health\",\"datePublished\":\"2022-03-15T09:05:18+00:00\",\"dateModified\":\"2024-11-23T02:23:44+00:00\",\"mainEntityOfPage\":{\"@id\":\"https:\\\/\\\/affderm.com\\\/what-dry-skin-may-mean-for-your-health\\\/\"},\"wordCount\":287,\"image\":{\"@id\":\"https:\\\/\\\/affderm.com\\\/what-dry-skin-may-mean-for-your-health\\\/#primaryimage\"},\"thumbnailUrl\":\"https:\\\/\\\/affderm.com\\\/wp-content\\\/uploads\\\/2022\\\/03\\\/affderm-60.png\",\"articleSection\":[\"Skin Conditions\"],\"inLanguage\":\"es\"},{\"@type\":\"WebPage\",\"@id\":\"https:\\\/\\\/affderm.com\\\/what-dry-skin-may-mean-for-your-health\\\/\",\"url\":\"https:\\\/\\\/affderm.com\\\/what-dry-skin-may-mean-for-your-health\\\/\",\"name\":\"What Dry Skin May Mean for Your Health - Affiliated Dermatology\",\"isPartOf\":{\"@id\":\"https:\\\/\\\/affderm.com\\\/#website\"},\"primaryImageOfPage\":{\"@id\":\"https:\\\/\\\/affderm.com\\\/what-dry-skin-may-mean-for-your-health\\\/#primaryimage\"},\"image\":{\"@id\":\"https:\\\/\\\/affderm.com\\\/what-dry-skin-may-mean-for-your-health\\\/#primaryimage\"},\"thumbnailUrl\":\"https:\\\/\\\/affderm.com\\\/wp-content\\\/uploads\\\/2022\\\/03\\\/affderm-60.png\",\"datePublished\":\"2022-03-15T09:05:18+00:00\",\"dateModified\":\"2024-11-23T02:23:44+00:00\",\"author\":{\"@id\":\"https:\\\/\\\/affderm.com\\\/#\\\/schema\\\/person\\\/2c23376fe825a37257230a8c9f481131\"},\"breadcrumb\":{\"@id\":\"https:\\\/\\\/affderm.com\\\/what-dry-skin-may-mean-for-your-health\\\/#breadcrumb\"},\"inLanguage\":\"es\",\"potentialAction\":[{\"@type\":\"ReadAction\",\"target\":[\"https:\\\/\\\/affderm.com\\\/what-dry-skin-may-mean-for-your-health\\\/\"]}]},{\"@type\":\"ImageObject\",\"inLanguage\":\"es\",\"@id\":\"https:\\\/\\\/affderm.com\\\/what-dry-skin-may-mean-for-your-health\\\/#primaryimage\",\"url\":\"https:\\\/\\\/affderm.com\\\/wp-content\\\/uploads\\\/2022\\\/03\\\/affderm-60.png\",\"contentUrl\":\"https:\\\/\\\/affderm.com\\\/wp-content\\\/uploads\\\/2022\\\/03\\\/affderm-60.png\",\"width\":2140,\"height\":1203},{\"@type\":\"BreadcrumbList\",\"@id\":\"https:\\\/\\\/affderm.com\\\/what-dry-skin-may-mean-for-your-health\\\/#breadcrumb\",\"itemListElement\":[{\"@type\":\"ListItem\",\"position\":1,\"name\":\"Home\",\"item\":\"https:\\\/\\\/affderm.com\\\/\"},{\"@type\":\"ListItem\",\"position\":2,\"name\":\"What Dry Skin May Mean for Your Health\"}]},{\"@type\":\"WebSite\",\"@id\":\"https:\\\/\\\/affderm.com\\\/#website\",\"url\":\"https:\\\/\\\/affderm.com\\\/\",\"name\":\"Affiliated Dermatology\",\"description\":\"Experts in Skin Disease Treatment &amp; Prevention\",\"potentialAction\":[{\"@type\":\"SearchAction\",\"target\":{\"@type\":\"EntryPoint\",\"urlTemplate\":\"https:\\\/\\\/affderm.com\\\/?s={search_term_string}\"},\"query-input\":{\"@type\":\"PropertyValueSpecification\",\"valueRequired\":true,\"valueName\":\"search_term_string\"}}],\"inLanguage\":\"es\"},{\"@type\":\"Person\",\"@id\":\"https:\\\/\\\/affderm.com\\\/#\\\/schema\\\/person\\\/2c23376fe825a37257230a8c9f481131\",\"name\":\"adminaff\",\"sameAs\":[\"https:\\\/\\\/affderm.com\\\/affderm.com\"],\"url\":\"https:\\\/\\\/affderm.com\\\/es\\\/author\\\/adminaff\\\/\"}]}<\/script>\n<!-- \/ Yoast SEO plugin. -->","yoast_head_json":{"title":"Lo que la piel seca puede significar para su salud - Affiliated Dermatology","robots":{"index":"index","follow":"follow","max-snippet":"max-snippet:-1","max-image-preview":"max-image-preview:large","max-video-preview":"max-video-preview:-1"},"canonical":"https:\/\/affderm.com\/es\/lo-que-la-piel-seca-puede-significar-para-su-salud\/","og_locale":"es_MX","og_type":"article","og_title":"What Dry Skin May Mean for Your Health - Affiliated Dermatology","og_description":"Dry skin is actually just inflammation typically caused by seborrhea, but also could be caused by other skin conditions, as [&hellip;]","og_url":"https:\/\/affderm.com\/es\/lo-que-la-piel-seca-puede-significar-para-su-salud\/","og_site_name":"Affiliated Dermatology","article_published_time":"2022-03-15T09:05:18+00:00","article_modified_time":"2024-11-23T02:23:44+00:00","og_image":[{"width":1200,"height":675,"url":"https:\/\/affderm.com\/wp-content\/uploads\/2022\/03\/affderm-60-1200x675.png","type":"image\/png"}],"author":"adminaff","twitter_card":"summary_large_image","twitter_misc":{"Escrito por":"adminaff","Tiempo de lectura":"1 minuto"},"schema":{"@context":"https:\/\/schema.org","@graph":[{"@type":"Article","@id":"https:\/\/affderm.com\/what-dry-skin-may-mean-for-your-health\/#article","isPartOf":{"@id":"https:\/\/affderm.com\/what-dry-skin-may-mean-for-your-health\/"},"author":{"name":"adminaff","@id":"https:\/\/affderm.com\/#\/schema\/person\/2c23376fe825a37257230a8c9f481131"},"headline":"What Dry Skin May Mean for Your Health","datePublished":"2022-03-15T09:05:18+00:00","dateModified":"2024-11-23T02:23:44+00:00","mainEntityOfPage":{"@id":"https:\/\/affderm.com\/what-dry-skin-may-mean-for-your-health\/"},"wordCount":287,"image":{"@id":"https:\/\/affderm.com\/what-dry-skin-may-mean-for-your-health\/#primaryimage"},"thumbnailUrl":"https:\/\/affderm.com\/wp-content\/uploads\/2022\/03\/affderm-60.png","articleSection":["Skin Conditions"],"inLanguage":"es"},{"@type":"WebPage","@id":"https:\/\/affderm.com\/what-dry-skin-may-mean-for-your-health\/","url":"https:\/\/affderm.com\/what-dry-skin-may-mean-for-your-health\/","name":"Lo que la piel seca puede significar para su salud - Affiliated Dermatology","isPartOf":{"@id":"https:\/\/affderm.com\/#website"},"primaryImageOfPage":{"@id":"https:\/\/affderm.com\/what-dry-skin-may-mean-for-your-health\/#primaryimage"},"image":{"@id":"https:\/\/affderm.com\/what-dry-skin-may-mean-for-your-health\/#primaryimage"},"thumbnailUrl":"https:\/\/affderm.com\/wp-content\/uploads\/2022\/03\/affderm-60.png","datePublished":"2022-03-15T09:05:18+00:00","dateModified":"2024-11-23T02:23:44+00:00","author":{"@id":"https:\/\/affderm.com\/#\/schema\/person\/2c23376fe825a37257230a8c9f481131"},"breadcrumb":{"@id":"https:\/\/affderm.com\/what-dry-skin-may-mean-for-your-health\/#breadcrumb"},"inLanguage":"es","potentialAction":[{"@type":"ReadAction","target":["https:\/\/affderm.com\/what-dry-skin-may-mean-for-your-health\/"]}]},{"@type":"ImageObject","inLanguage":"es","@id":"https:\/\/affderm.com\/what-dry-skin-may-mean-for-your-health\/#primaryimage","url":"https:\/\/affderm.com\/wp-content\/uploads\/2022\/03\/affderm-60.png","contentUrl":"https:\/\/affderm.com\/wp-content\/uploads\/2022\/03\/affderm-60.png","width":2140,"height":1203},{"@type":"BreadcrumbList","@id":"https:\/\/affderm.com\/what-dry-skin-may-mean-for-your-health\/#breadcrumb","itemListElement":[{"@type":"ListItem","position":1,"name":"Home","item":"https:\/\/affderm.com\/"},{"@type":"ListItem","position":2,"name":"What Dry Skin May Mean for Your Health"}]},{"@type":"WebSite","@id":"https:\/\/affderm.com\/#website","url":"https:\/\/affderm.com\/","name":"Dermatolog\u00eda afiliada","description":"Expertos en tratamiento y prevenci\u00f3n de enfermedades cut\u00e1neas","potentialAction":[{"@type":"SearchAction","target":{"@type":"EntryPoint","urlTemplate":"https:\/\/affderm.com\/?s={search_term_string}"},"query-input":{"@type":"PropertyValueSpecification","valueRequired":true,"valueName":"search_term_string"}}],"inLanguage":"es"},{"@type":"Person","@id":"https:\/\/affderm.com\/#\/schema\/person\/2c23376fe825a37257230a8c9f481131","name":"adminaff","sameAs":["https:\/\/affderm.com\/affderm.com"],"url":"https:\/\/affderm.com\/es\/author\/adminaff\/"}]}},"_links":{"self":[{"href":"https:\/\/affderm.com\/es\/wp-json\/wp\/v2\/posts\/2159","targetHints":{"allow":["GET"]}}],"collection":[{"href":"https:\/\/affderm.com\/es\/wp-json\/wp\/v2\/posts"}],"about":[{"href":"https:\/\/affderm.com\/es\/wp-json\/wp\/v2\/types\/post"}],"author":[{"embeddable":true,"href":"https:\/\/affderm.com\/es\/wp-json\/wp\/v2\/users\/1"}],"replies":[{"embeddable":true,"href":"https:\/\/affderm.com\/es\/wp-json\/wp\/v2\/comments?post=2159"}],"version-history":[{"count":0,"href":"https:\/\/affderm.com\/es\/wp-json\/wp\/v2\/posts\/2159\/revisions"}],"wp:featuredmedia":[{"embeddable":true,"href":"https:\/\/affderm.com\/es\/wp-json\/wp\/v2\/media\/2160"}],"wp:attachment":[{"href":"https:\/\/affderm.com\/es\/wp-json\/wp\/v2\/media?parent=2159"}],"wp:term":[{"taxonomy":"category","embeddable":true,"href":"https:\/\/affderm.com\/es\/wp-json\/wp\/v2\/categories?post=2159"},{"taxonomy":"post_tag","embeddable":true,"href":"https:\/\/affderm.com\/es\/wp-json\/wp\/v2\/tags?post=2159"}],"curies":[{"name":"wp","href":"https:\/\/api.w.org\/{rel}","templated":true}]}}