{"id":2168,"date":"2022-03-15T09:08:13","date_gmt":"2022-03-15T09:08:13","guid":{"rendered":"http:\/\/120.72.95.94:55147\/?p=2168"},"modified":"2024-05-24T11:58:46","modified_gmt":"2024-05-24T18:58:46","slug":"alimentado-por-el-sol","status":"publish","type":"post","link":"https:\/\/affderm.com\/es\/fueled-by-the-sun\/","title":{"rendered":"Alimentados por el sol"},"content":{"rendered":"<div data-elementor-type=\"wp-post\" data-elementor-id=\"2168\" class=\"elementor elementor-2168\">\n\t\t\t\t\t\t<section class=\"elementor-section elementor-top-section elementor-element elementor-element-bc5afdb elementor-section-boxed elementor-section-height-default elementor-section-height-default\" data-id=\"bc5afdb\" data-element_type=\"section\" data-e-type=\"section\">\n\t\t\t\t\t\t<div class=\"elementor-container elementor-column-gap-default\">\n\t\t\t\t\t<div class=\"elementor-column elementor-col-100 elementor-top-column elementor-element elementor-element-a2c5109\" data-id=\"a2c5109\" data-element_type=\"column\" data-e-type=\"column\">\n\t\t\t<div class=\"elementor-widget-wrap elementor-element-populated\">\n\t\t\t\t\t\t<div class=\"elementor-element elementor-element-bbabc66 elementor-widget elementor-widget-text-editor\" data-id=\"bbabc66\" data-element_type=\"widget\" data-e-type=\"widget\" data-widget_type=\"text-editor.default\">\n\t\t\t\t<div class=\"elementor-widget-container\">\n\t\t\t\t\t\t\t\t\t<div>Nuestro clima des\u00e9rtico tiene un coste: el c\u00e1ncer de piel. Un m\u00e9dico ha construido su consulta especializ\u00e1ndose en su tratamiento.<\/div><div class=\"entry-content\"><p>\u00a0<\/p><\/div><h3>Los tratamientos contra el c\u00e1ncer de piel impulsan la pr\u00e1ctica m\u00e9dica<\/h3><p>Cuando lleg\u00f3 a Arizona reci\u00e9n terminada su residencia en Cleveland en 2002, el Dr. Richard L. Averitte Jr. pretend\u00eda centrar su nueva consulta en la dermatolog\u00eda general y la est\u00e9tica.<\/p>\t\t\t\t\t\t\t\t<\/div>\n\t\t\t\t<\/div>\n\t\t\t\t<div class=\"elementor-element elementor-element-5acb043 elementor-widget elementor-widget-image\" data-id=\"5acb043\" data-element_type=\"widget\" data-e-type=\"widget\" data-widget_type=\"image.default\">\n\t\t\t\t<div class=\"elementor-widget-container\">\n\t\t\t\t\t\t\t\t\t\t\t\t\t\t\t<img fetchpriority=\"high\" decoding=\"async\" width=\"800\" height=\"517\" src=\"https:\/\/affderm.com\/wp-content\/uploads\/2022\/03\/affderm-62.png\" class=\"attachment-large size-large wp-image-2171\" alt=\"\" srcset=\"https:\/\/affderm.com\/wp-content\/uploads\/2022\/03\/affderm-62.png 1133w, https:\/\/affderm.com\/wp-content\/uploads\/2022\/03\/affderm-62-800x517.png 800w, https:\/\/affderm.com\/wp-content\/uploads\/2022\/03\/affderm-62-768x496.png 768w\" sizes=\"(max-width: 800px) 100vw, 800px\" \/>\t\t\t\t\t\t\t\t\t\t\t\t\t\t\t<\/div>\n\t\t\t\t<\/div>\n\t\t\t\t<div class=\"elementor-element elementor-element-fe533f7 elementor-widget elementor-widget-text-editor\" data-id=\"fe533f7\" data-element_type=\"widget\" data-e-type=\"widget\" data-widget_type=\"text-editor.default\">\n\t\t\t\t<div class=\"elementor-widget-container\">\n\t\t\t\t\t\t\t\t\t<p>Pero reconocer una tendencia imprevista y desafortunada le ofreci\u00f3 un desv\u00edo a partir del cual su Dermatolog\u00eda Afiliada ha prosperado y se ha asegurado un nicho s\u00f3lido.<\/p><p>Por aquel entonces, Averitte acababa de abrir su consulta en un espacio que compart\u00eda con otro m\u00e9dico. Mientras se preparaba para centrarse en la est\u00e9tica, vio que no tantos arizonenses tomaban medidas preventivas respecto a la exposici\u00f3n al sol como \u00e9l supon\u00eda. Despu\u00e9s de ver c\u00f3mo la gente se achicharraba en la piscina o pasaba horas haciendo actividades al aire libre a pleno sol, todo cobr\u00f3 sentido.<\/p><p>\"La gente vive aqu\u00ed por una raz\u00f3n. El estilo de vida al aire libre, las endorfinas del sol, el buen tiempo. ... Pero hay una contrapartida\", afirma.<\/p><p>No tard\u00f3 en recibir consultas de pacientes con una serie de s\u00edntomas que pod\u00edan indicar c\u00e1ncer. Pero, debido a la escasez de dermat\u00f3logos, a menudo ten\u00edan que esperar meses para ver a un m\u00e9dico.<\/p><p>Vio una necesidad que no se atend\u00eda y trat\u00f3 de cambiarla. Pronto, Ave-ritte se dio cuenta de que su joven consulta estaba cada vez m\u00e1s ocupada y crec\u00eda con rapidez. Esa faceta despeg\u00f3 m\u00e1s que la est\u00e9tica. Es esta especialidad la que sigue impulsando el crecimiento de Affiliated Dermatology en la actualidad.<\/p><p>\"Con la exposici\u00f3n al sol que hay aqu\u00ed, la necesidad es muy grande. El tiempo medio de espera (para ver a un m\u00e9dico) puede ser de hasta seis meses. Nos ampliamos para poder atender antes a m\u00e1s pacientes\", explica Averitte.<br \/>Al principio, s\u00f3lo ten\u00eda uno o dos planes de seguro, por lo que Averitte atend\u00eda a los pacientes por el coste de su copago: $50,$30 o incluso $10. Con el tiempo, consigui\u00f3 m\u00e1s planes de seguros y los pacientes se quedaron. Se corri\u00f3 la voz.<\/p><p>Lo que empez\u00f3 como una consulta unipersonal en un despacho compartido de 1.200 pies cuadrados abarca ahora su sede central en Scottsdale, adem\u00e1s de oficinas en el norte de Phoenix, Anthem, Surprise, Gilbert y Ahwatukee Foothills.<\/p>\t\t\t\t\t\t\t\t<\/div>\n\t\t\t\t<\/div>\n\t\t\t\t<div class=\"elementor-element elementor-element-608e7f0 elementor-widget elementor-widget-image\" data-id=\"608e7f0\" data-element_type=\"widget\" data-e-type=\"widget\" data-widget_type=\"image.default\">\n\t\t\t\t<div class=\"elementor-widget-container\">\n\t\t\t\t\t\t\t\t\t\t\t\t\t\t\t<img decoding=\"async\" width=\"800\" height=\"419\" src=\"https:\/\/affderm.com\/wp-content\/uploads\/2022\/03\/affderm-63.png\" class=\"attachment-large size-large wp-image-2170\" alt=\"\" srcset=\"https:\/\/affderm.com\/wp-content\/uploads\/2022\/03\/affderm-63.png 807w, https:\/\/affderm.com\/wp-content\/uploads\/2022\/03\/affderm-63-800x419.png 800w, https:\/\/affderm.com\/wp-content\/uploads\/2022\/03\/affderm-63-768x403.png 768w\" sizes=\"(max-width: 800px) 100vw, 800px\" \/>\t\t\t\t\t\t\t\t\t\t\t\t\t\t\t<\/div>\n\t\t\t\t<\/div>\n\t\t\t\t<div class=\"elementor-element elementor-element-16bfa62 elementor-widget elementor-widget-text-editor\" data-id=\"16bfa62\" data-element_type=\"widget\" data-e-type=\"widget\" data-widget_type=\"text-editor.default\">\n\t\t\t\t<div class=\"elementor-widget-container\">\n\t\t\t\t\t\t\t\t\t<p>En su primer a\u00f1o de funcionamiento, 2002, la consulta de Averitte recibi\u00f3 1.204 visitas y atendi\u00f3 a 993 pacientes activos. Esas cifras crecieron exponencialmente y, en 2007, Affiliated atend\u00eda a 5.000 pacientes activos y recib\u00eda 11.000 visitas.<\/p><p>Actualmente, Averitte dijo que su consultorio atiende hasta 10,000 visitas en un mes y ha visto hasta 500 pacientes en un solo d\u00eda. En 2017, atendi\u00f3 a 95.000 pacientes; este a\u00f1o, Averitte prev\u00e9 que esa cifra alcance los 105.000.<\/p><p>Todos los centros, salvo el de Ahwatukee, se construyeron desde cero y son mucho m\u00e1s grandes que las consultas dermatol\u00f3gicas habituales, afirma. Los consultorios de Affiliated tienen entre 6.500 y 18.000 metros cuadrados, lo que permite a la empresa ofrecer a los pacientes un diagn\u00f3stico y un tratamiento completos para una amplia gama de problemas, desde el acn\u00e9 hasta el c\u00e1ncer.<\/p><p>Aproximadamente el 80% de los pacientes de Affiliated acuden por un problema relacionado con el c\u00e1ncer, seg\u00fan datos de la empresa.<\/p><h3>El servicio al cliente es clave<\/h3><p>Averitte forma parte de la soluci\u00f3n al c\u00e1ncer m\u00e1s frecuente en EE.UU., seg\u00fan la Academia Americana de Dermatolog\u00eda. Cada d\u00eda se diagnostica c\u00e1ncer de piel a m\u00e1s de 9.500 estadounidenses, y el coste anual del tratamiento de los c\u00e1nceres de piel se estima en $8.100 millones.<\/p><p>Hace un a\u00f1o, una mancha inusual en el cuello llev\u00f3 a Shoshana Korrub a Affiliated Dermatology. Korrub apreci\u00f3 la amabilidad de todo el mundo durante lo que ella llam\u00f3 un proceso inc\u00f3modo de quitarlo e informarle r\u00e1pidamente de que era benigno. Desde entonces ha ido a hacerse revisiones peri\u00f3dicas de la piel en los centros de Gilbert y Scottsdale.<\/p><p>\"Vivir en Arizona y estar al sol siempre me ha preocupado\", afirma Korrub, que vive en Gilbert. \"Cada vez que he ido, la sala de espera siempre est\u00e1 llena. Pero siempre te saludan enseguida, lo que me hace saber que me ven.... Todos son muy amables y simp\u00e1ticos\".<\/p><p>Dave Zoloto se ha sometido a revisiones peri\u00f3dicas de la piel y se ha extirpado un par de lunares desde que acudi\u00f3 por primera vez a Affiliated en 2010, por consejo de su m\u00e9dico. Su mujer y sus hijas se encuentran entre las casi 20 personas a las que ha remitido a la consulta. Zoloto es director general de ventas de autom\u00f3viles y recomienda Affiliated a sus empleados, que suelen exponerse al sol.<\/p><p>Zoloto, un profesional muy ocupado que tiene poco tiempo para esperar, dice que aprecia que el personal le atienda con rapidez y sea muy comunicativo con respecto a las citas y los seguimientos.<\/p><p>\"Estoy en el negocio de las personas, y el servicio personalizado es importante, y ellos lo hacen bien. Son muy respetuosos con el tiempo de la gente\", afirma Zoloto, que vive en Scottsdale.<\/p><h3>Atenci\u00f3n sanitaria local<\/h3><p>Seguir un camino inesperado no es algo desconocido para Averitte. Averitte, antiguo director de proyectos e ingeniero de una empresa nacional que realizaba proyectos de construcci\u00f3n millonarios y de gran repercusi\u00f3n, cobr\u00f3 su plan 401(k) para estudiar medicina.<\/p><p>Se licenci\u00f3 en 1998 y se dedic\u00f3 a la dermatolog\u00eda, una de las especialidades m\u00e1s atractivas y demandadas. En lugar de pasar los descansos de su \u00faltimo a\u00f1o de residencia esquiando o y\u00e9ndose a las Bahamas como sus compa\u00f1eros, Averitte vol\u00f3 a Phoenix en una misi\u00f3n de exploraci\u00f3n de emplazamientos para su futura consulta. En 2002, se traslad\u00f3 y puso en marcha Affiliated. A la ma\u00f1ana siguiente de bajar del avi\u00f3n aquel verano, vio a su primer paciente.<br \/>Al a\u00f1o siguiente, su mujer dio a luz a trillizos. No hab\u00eda tiempo para descansar ni tomarse un respiro. Es el mismo rigor que ha mantenido durante la mayor parte de su pr\u00e1ctica.<\/p><p>\"Ten\u00eda que conseguirlo. No pod\u00eda esperar que el negocio viniera a m\u00ed\", dice Averitte. \"Estuve trabajando duro durante 15 a\u00f1os\".<\/p><p>Ese af\u00e1n y el no dar el \u00e9xito por sentado han dado sus frutos. Adem\u00e1s de sus seis centros, Averitte cre\u00f3 un programa de residencia destinado a formar a la pr\u00f3xima generaci\u00f3n de profesionales para satisfacer la creciente demanda de asistencia. Tambi\u00e9n cre\u00f3 la fundaci\u00f3n sin \u00e1nimo de lucro Arizona Skin Foundation, que ofrece ayuda econ\u00f3mica a pacientes con c\u00e1ncer de piel que no pueden permitirse el tratamiento.<\/p><p>Sin embargo, la incorporaci\u00f3n de un enfoque local a la atenci\u00f3n al paciente se ha convertido en la nueva herramienta de Averitte en su arsenal de tratamiento.<\/p><p>Su consulta de Ahwatukee es la primera de un modelo de adquisici\u00f3n que Averitte puso en marcha esta primavera. Ante las lucrativas ofertas de grandes empresas del sector sanitario a m\u00e9dicos que est\u00e1n a punto de jubilarse o que simplemente quieren dejarlo, el campo de la dermatolog\u00eda corre la misma suerte que otros sectores. Averitte explic\u00f3 que esto es especialmente cierto en Arizona, donde otros estados como California y Florida ya est\u00e1n saturados.<\/p><p>Con la adquisici\u00f3n de estas consultas en el mercado, Averitte mantiene la atenci\u00f3n local y gestionada activamente por un m\u00e9dico. En la actualidad, la suya es la consulta de dermatolog\u00eda m\u00e1s grande de Arizona, privada y gestionada por un m\u00e9dico.<\/p><p>La presi\u00f3n de los de fuera para vender es diaria, dice. Por eso cuenta tambi\u00e9n con un equipo de adquisiciones y abogados.<\/p><p>\"Estamos en una lucha por preservar la atenci\u00f3n a los arizonenses en Arizona frente a tener a alguien en la sede de Nueva York o Pensilvania dici\u00e9ndonos c\u00f3mo atender a nuestros pacientes\", dijo. \"El modelo empresarial es bueno para el negocio, pero tambi\u00e9n lo es para la atenci\u00f3n al paciente\".<\/p>\t\t\t\t\t\t\t\t<\/div>\n\t\t\t\t<\/div>\n\t\t\t\t<div class=\"elementor-element elementor-element-e45b987 elementor-widget elementor-widget-image\" data-id=\"e45b987\" data-element_type=\"widget\" data-e-type=\"widget\" data-widget_type=\"image.default\">\n\t\t\t\t<div class=\"elementor-widget-container\">\n\t\t\t\t\t\t\t\t\t\t\t\t\t\t\t<img decoding=\"async\" width=\"324\" height=\"221\" src=\"https:\/\/affderm.com\/wp-content\/uploads\/2022\/03\/affderm-64.png\" class=\"attachment-large size-large wp-image-2169\" alt=\"\" \/>\t\t\t\t\t\t\t\t\t\t\t\t\t\t\t<\/div>\n\t\t\t\t<\/div>\n\t\t\t\t<div class=\"elementor-element elementor-element-0700d92 elementor-widget elementor-widget-text-editor\" data-id=\"0700d92\" data-element_type=\"widget\" data-e-type=\"widget\" data-widget_type=\"text-editor.default\">\n\t\t\t\t<div class=\"elementor-widget-container\">\n\t\t\t\t\t\t\t\t\t<p>Averitte tambi\u00e9n ha creado la organizaci\u00f3n sin \u00e1nimo de lucro\u00a0<a href=\"https:\/\/affderm.com\/es\/acerca-de\/fundacion-de-arizona-contra-el-cancer-de-piel\/\">Fundaci\u00f3n para la Piel de Arizona<\/a>que proporciona ayuda financiera a los enfermos de c\u00e1ncer.<\/p><div class=\"entry-content\"><h2 class=\"presto-h2\"><span class=\"print_infobox\">Dermatolog\u00eda afiliada<\/span><\/h2><p class=\"p-text\"><span class=\"print_infobox\"><strong>D\u00d3NDE:<\/strong>\u00a020401 N. 73rd St., #230, Scottsdale.\u00a0<\/span><\/p><p class=\"p-text\"><span class=\"print_infobox\"><strong>EMPLEADOS:<\/strong>\u00a0190.\u00a0<\/span><\/p><p class=\"p-text\"><span class=\"print_infobox\"><strong>ESTAD\u00cdSTICA INTERESANTE:<\/strong>\u00a0M\u00e1s de un mill\u00f3n de estadounidenses padecen melanoma, seg\u00fan la Academia Americana de Dermatolog\u00eda.<\/span><\/p><p id=\"article-body-p-last\" class=\"p-text p-text-last\"><span class=\"print_infobox\"><strong>M\u00c1S INFORMACI\u00d3N:<\/strong>\u00a0480-556-0446,\u00a0<a href=\"https:\/\/affderm.com\/es\/\">affderm.com<\/a>.<\/span><\/p><hr \/><h5 class=\"article--body\"><em>Publicado originalmente por\u00a0<a href=\"https:\/\/www.azcentral.com\/local\/scottsdale\/\" target=\"_blank\" rel=\"noopener\">La Rep\u00fablica de Arizona\u00a0<\/a>en\u00a0<span class=\"entry-author\">Rep\u00fablica de Scottsdale<\/span>. \"Alimentados por el sol\". Georgann Yara, Especial para Arizona Republic, USA TODAY NETWORK. Publicado el 19 de mayo de 2018.<\/em><\/h5><\/div>\t\t\t\t\t\t\t\t<\/div>\n\t\t\t\t<\/div>\n\t\t\t\t\t<\/div>\n\t\t<\/div>\n\t\t\t\t\t<\/div>\n\t\t<\/section>\n\t\t\t\t<\/div>","protected":false},"excerpt":{"rendered":"<p>Our desert climate comes with a cost: skin cancer. One physician has built his practice by specializing in treating it.\u00a0 [&hellip;]<\/p>\n","protected":false},"author":1,"featured_media":2172,"comment_status":"closed","ping_status":"closed","sticky":false,"template":"","format":"standard","meta":{"_acf_changed":false,"footnotes":""},"categories":[21],"tags":[],"class_list":["post-2168","post","type-post","status-publish","format-standard","has-post-thumbnail","hentry","category-skin-care"],"acf":[],"yoast_head":"<!-- This site is optimized with the Yoast SEO plugin v27.5 - https:\/\/yoast.com\/product\/yoast-seo-wordpress\/ -->\n<title>Fueled by the Sun - Affiliated Dermatology<\/title>\n<meta name=\"robots\" content=\"index, follow, max-snippet:-1, max-image-preview:large, max-video-preview:-1\" \/>\n<link rel=\"canonical\" href=\"https:\/\/affderm.com\/es\/alimentado-por-el-sol\/\" \/>\n<meta property=\"og:locale\" content=\"es_MX\" \/>\n<meta property=\"og:type\" content=\"article\" \/>\n<meta property=\"og:title\" content=\"Fueled by the Sun - Affiliated Dermatology\" \/>\n<meta property=\"og:description\" content=\"Our desert climate comes with a cost: skin cancer. One physician has built his practice by specializing in treating it.\u00a0 [&hellip;]\" \/>\n<meta property=\"og:url\" content=\"https:\/\/affderm.com\/es\/alimentado-por-el-sol\/\" \/>\n<meta property=\"og:site_name\" content=\"Affiliated Dermatology\" \/>\n<meta property=\"article:published_time\" content=\"2022-03-15T09:08:13+00:00\" \/>\n<meta property=\"article:modified_time\" content=\"2024-05-24T18:58:46+00:00\" \/>\n<meta property=\"og:image\" content=\"https:\/\/affderm.com\/wp-content\/uploads\/2022\/03\/affderm-61.png\" \/>\n\t<meta property=\"og:image:width\" content=\"706\" \/>\n\t<meta property=\"og:image:height\" content=\"471\" \/>\n\t<meta property=\"og:image:type\" content=\"image\/png\" \/>\n<meta name=\"author\" content=\"adminaff\" \/>\n<meta name=\"twitter:card\" content=\"summary_large_image\" \/>\n<meta name=\"twitter:label1\" content=\"Escrito por\" \/>\n\t<meta name=\"twitter:data1\" content=\"adminaff\" \/>\n\t<meta name=\"twitter:label2\" content=\"Tiempo de lectura\" \/>\n\t<meta name=\"twitter:data2\" content=\"7 minutos\" \/>\n<script type=\"application\/ld+json\" class=\"yoast-schema-graph\">{\"@context\":\"https:\\\/\\\/schema.org\",\"@graph\":[{\"@type\":\"Article\",\"@id\":\"https:\\\/\\\/affderm.com\\\/fueled-by-the-sun\\\/#article\",\"isPartOf\":{\"@id\":\"https:\\\/\\\/affderm.com\\\/fueled-by-the-sun\\\/\"},\"author\":{\"name\":\"adminaff\",\"@id\":\"https:\\\/\\\/affderm.com\\\/#\\\/schema\\\/person\\\/2c23376fe825a37257230a8c9f481131\"},\"headline\":\"Fueled by the Sun\",\"datePublished\":\"2022-03-15T09:08:13+00:00\",\"dateModified\":\"2024-05-24T18:58:46+00:00\",\"mainEntityOfPage\":{\"@id\":\"https:\\\/\\\/affderm.com\\\/fueled-by-the-sun\\\/\"},\"wordCount\":1243,\"image\":{\"@id\":\"https:\\\/\\\/affderm.com\\\/fueled-by-the-sun\\\/#primaryimage\"},\"thumbnailUrl\":\"https:\\\/\\\/affderm.com\\\/wp-content\\\/uploads\\\/2022\\\/03\\\/affderm-61.png\",\"articleSection\":[\"Skin Care\"],\"inLanguage\":\"es\"},{\"@type\":\"WebPage\",\"@id\":\"https:\\\/\\\/affderm.com\\\/fueled-by-the-sun\\\/\",\"url\":\"https:\\\/\\\/affderm.com\\\/fueled-by-the-sun\\\/\",\"name\":\"Fueled by the Sun - Affiliated Dermatology\",\"isPartOf\":{\"@id\":\"https:\\\/\\\/affderm.com\\\/#website\"},\"primaryImageOfPage\":{\"@id\":\"https:\\\/\\\/affderm.com\\\/fueled-by-the-sun\\\/#primaryimage\"},\"image\":{\"@id\":\"https:\\\/\\\/affderm.com\\\/fueled-by-the-sun\\\/#primaryimage\"},\"thumbnailUrl\":\"https:\\\/\\\/affderm.com\\\/wp-content\\\/uploads\\\/2022\\\/03\\\/affderm-61.png\",\"datePublished\":\"2022-03-15T09:08:13+00:00\",\"dateModified\":\"2024-05-24T18:58:46+00:00\",\"author\":{\"@id\":\"https:\\\/\\\/affderm.com\\\/#\\\/schema\\\/person\\\/2c23376fe825a37257230a8c9f481131\"},\"breadcrumb\":{\"@id\":\"https:\\\/\\\/affderm.com\\\/fueled-by-the-sun\\\/#breadcrumb\"},\"inLanguage\":\"es\",\"potentialAction\":[{\"@type\":\"ReadAction\",\"target\":[\"https:\\\/\\\/affderm.com\\\/fueled-by-the-sun\\\/\"]}]},{\"@type\":\"ImageObject\",\"inLanguage\":\"es\",\"@id\":\"https:\\\/\\\/affderm.com\\\/fueled-by-the-sun\\\/#primaryimage\",\"url\":\"https:\\\/\\\/affderm.com\\\/wp-content\\\/uploads\\\/2022\\\/03\\\/affderm-61.png\",\"contentUrl\":\"https:\\\/\\\/affderm.com\\\/wp-content\\\/uploads\\\/2022\\\/03\\\/affderm-61.png\",\"width\":706,\"height\":471},{\"@type\":\"BreadcrumbList\",\"@id\":\"https:\\\/\\\/affderm.com\\\/fueled-by-the-sun\\\/#breadcrumb\",\"itemListElement\":[{\"@type\":\"ListItem\",\"position\":1,\"name\":\"Home\",\"item\":\"https:\\\/\\\/affderm.com\\\/\"},{\"@type\":\"ListItem\",\"position\":2,\"name\":\"Fueled by the Sun\"}]},{\"@type\":\"WebSite\",\"@id\":\"https:\\\/\\\/affderm.com\\\/#website\",\"url\":\"https:\\\/\\\/affderm.com\\\/\",\"name\":\"Affiliated Dermatology\",\"description\":\"Experts in Skin Disease Treatment &amp; Prevention\",\"potentialAction\":[{\"@type\":\"SearchAction\",\"target\":{\"@type\":\"EntryPoint\",\"urlTemplate\":\"https:\\\/\\\/affderm.com\\\/?s={search_term_string}\"},\"query-input\":{\"@type\":\"PropertyValueSpecification\",\"valueRequired\":true,\"valueName\":\"search_term_string\"}}],\"inLanguage\":\"es\"},{\"@type\":\"Person\",\"@id\":\"https:\\\/\\\/affderm.com\\\/#\\\/schema\\\/person\\\/2c23376fe825a37257230a8c9f481131\",\"name\":\"adminaff\",\"sameAs\":[\"https:\\\/\\\/affderm.com\\\/affderm.com\"],\"url\":\"https:\\\/\\\/affderm.com\\\/es\\\/author\\\/adminaff\\\/\"}]}<\/script>\n<!-- \/ Yoast SEO plugin. -->","yoast_head_json":{"title":"Alimentados por el sol - Dermatolog\u00eda afiliada","robots":{"index":"index","follow":"follow","max-snippet":"max-snippet:-1","max-image-preview":"max-image-preview:large","max-video-preview":"max-video-preview:-1"},"canonical":"https:\/\/affderm.com\/es\/alimentado-por-el-sol\/","og_locale":"es_MX","og_type":"article","og_title":"Fueled by the Sun - Affiliated Dermatology","og_description":"Our desert climate comes with a cost: skin cancer. One physician has built his practice by specializing in treating it.\u00a0 [&hellip;]","og_url":"https:\/\/affderm.com\/es\/alimentado-por-el-sol\/","og_site_name":"Affiliated Dermatology","article_published_time":"2022-03-15T09:08:13+00:00","article_modified_time":"2024-05-24T18:58:46+00:00","og_image":[{"width":706,"height":471,"url":"https:\/\/affderm.com\/wp-content\/uploads\/2022\/03\/affderm-61.png","type":"image\/png"}],"author":"adminaff","twitter_card":"summary_large_image","twitter_misc":{"Escrito por":"adminaff","Tiempo de lectura":"7 minutos"},"schema":{"@context":"https:\/\/schema.org","@graph":[{"@type":"Article","@id":"https:\/\/affderm.com\/fueled-by-the-sun\/#article","isPartOf":{"@id":"https:\/\/affderm.com\/fueled-by-the-sun\/"},"author":{"name":"adminaff","@id":"https:\/\/affderm.com\/#\/schema\/person\/2c23376fe825a37257230a8c9f481131"},"headline":"Fueled by the Sun","datePublished":"2022-03-15T09:08:13+00:00","dateModified":"2024-05-24T18:58:46+00:00","mainEntityOfPage":{"@id":"https:\/\/affderm.com\/fueled-by-the-sun\/"},"wordCount":1243,"image":{"@id":"https:\/\/affderm.com\/fueled-by-the-sun\/#primaryimage"},"thumbnailUrl":"https:\/\/affderm.com\/wp-content\/uploads\/2022\/03\/affderm-61.png","articleSection":["Skin Care"],"inLanguage":"es"},{"@type":"WebPage","@id":"https:\/\/affderm.com\/fueled-by-the-sun\/","url":"https:\/\/affderm.com\/fueled-by-the-sun\/","name":"Alimentados por el sol - Dermatolog\u00eda afiliada","isPartOf":{"@id":"https:\/\/affderm.com\/#website"},"primaryImageOfPage":{"@id":"https:\/\/affderm.com\/fueled-by-the-sun\/#primaryimage"},"image":{"@id":"https:\/\/affderm.com\/fueled-by-the-sun\/#primaryimage"},"thumbnailUrl":"https:\/\/affderm.com\/wp-content\/uploads\/2022\/03\/affderm-61.png","datePublished":"2022-03-15T09:08:13+00:00","dateModified":"2024-05-24T18:58:46+00:00","author":{"@id":"https:\/\/affderm.com\/#\/schema\/person\/2c23376fe825a37257230a8c9f481131"},"breadcrumb":{"@id":"https:\/\/affderm.com\/fueled-by-the-sun\/#breadcrumb"},"inLanguage":"es","potentialAction":[{"@type":"ReadAction","target":["https:\/\/affderm.com\/fueled-by-the-sun\/"]}]},{"@type":"ImageObject","inLanguage":"es","@id":"https:\/\/affderm.com\/fueled-by-the-sun\/#primaryimage","url":"https:\/\/affderm.com\/wp-content\/uploads\/2022\/03\/affderm-61.png","contentUrl":"https:\/\/affderm.com\/wp-content\/uploads\/2022\/03\/affderm-61.png","width":706,"height":471},{"@type":"BreadcrumbList","@id":"https:\/\/affderm.com\/fueled-by-the-sun\/#breadcrumb","itemListElement":[{"@type":"ListItem","position":1,"name":"Home","item":"https:\/\/affderm.com\/"},{"@type":"ListItem","position":2,"name":"Fueled by the Sun"}]},{"@type":"WebSite","@id":"https:\/\/affderm.com\/#website","url":"https:\/\/affderm.com\/","name":"Dermatolog\u00eda afiliada","description":"Expertos en tratamiento y prevenci\u00f3n de enfermedades cut\u00e1neas","potentialAction":[{"@type":"SearchAction","target":{"@type":"EntryPoint","urlTemplate":"https:\/\/affderm.com\/?s={search_term_string}"},"query-input":{"@type":"PropertyValueSpecification","valueRequired":true,"valueName":"search_term_string"}}],"inLanguage":"es"},{"@type":"Person","@id":"https:\/\/affderm.com\/#\/schema\/person\/2c23376fe825a37257230a8c9f481131","name":"adminaff","sameAs":["https:\/\/affderm.com\/affderm.com"],"url":"https:\/\/affderm.com\/es\/author\/adminaff\/"}]}},"_links":{"self":[{"href":"https:\/\/affderm.com\/es\/wp-json\/wp\/v2\/posts\/2168","targetHints":{"allow":["GET"]}}],"collection":[{"href":"https:\/\/affderm.com\/es\/wp-json\/wp\/v2\/posts"}],"about":[{"href":"https:\/\/affderm.com\/es\/wp-json\/wp\/v2\/types\/post"}],"author":[{"embeddable":true,"href":"https:\/\/affderm.com\/es\/wp-json\/wp\/v2\/users\/1"}],"replies":[{"embeddable":true,"href":"https:\/\/affderm.com\/es\/wp-json\/wp\/v2\/comments?post=2168"}],"version-history":[{"count":0,"href":"https:\/\/affderm.com\/es\/wp-json\/wp\/v2\/posts\/2168\/revisions"}],"wp:featuredmedia":[{"embeddable":true,"href":"https:\/\/affderm.com\/es\/wp-json\/wp\/v2\/media\/2172"}],"wp:attachment":[{"href":"https:\/\/affderm.com\/es\/wp-json\/wp\/v2\/media?parent=2168"}],"wp:term":[{"taxonomy":"category","embeddable":true,"href":"https:\/\/affderm.com\/es\/wp-json\/wp\/v2\/categories?post=2168"},{"taxonomy":"post_tag","embeddable":true,"href":"https:\/\/affderm.com\/es\/wp-json\/wp\/v2\/tags?post=2168"}],"curies":[{"name":"wp","href":"https:\/\/api.w.org\/{rel}","templated":true}]}}