{"id":2482,"date":"2022-03-15T12:11:59","date_gmt":"2022-03-15T12:11:59","guid":{"rendered":"http:\/\/120.72.95.94:55147\/?p=2482"},"modified":"2024-05-24T11:51:46","modified_gmt":"2024-05-24T18:51:46","slug":"affderm-en-las-noticias-6-razones-por-las-que-tu-protector-solar-no-funciona","status":"publish","type":"post","link":"https:\/\/affderm.com\/es\/affderm-in-the-news-6-reasons-why-your-sunscreen-isnt-working\/","title":{"rendered":"AffDerm en las noticias: 6 razones por las que tu protector solar no est\u00e1 funcionando"},"content":{"rendered":"<div data-elementor-type=\"wp-post\" data-elementor-id=\"2482\" class=\"elementor elementor-2482\">\n\t\t\t\t\t\t<section class=\"elementor-section elementor-top-section elementor-element elementor-element-5da3113 elementor-section-boxed elementor-section-height-default elementor-section-height-default\" data-id=\"5da3113\" data-element_type=\"section\" data-e-type=\"section\">\n\t\t\t\t\t\t<div class=\"elementor-container elementor-column-gap-default\">\n\t\t\t\t\t<div class=\"elementor-column elementor-col-100 elementor-top-column elementor-element elementor-element-a051923\" data-id=\"a051923\" data-element_type=\"column\" data-e-type=\"column\">\n\t\t\t<div class=\"elementor-widget-wrap elementor-element-populated\">\n\t\t\t\t\t\t<div class=\"elementor-element elementor-element-d0a05bc elementor-widget elementor-widget-text-editor\" data-id=\"d0a05bc\" data-element_type=\"widget\" data-e-type=\"widget\" data-widget_type=\"text-editor.default\">\n\t\t\t\t<div class=\"elementor-widget-container\">\n\t\t\t\t\t\t\t\t\t<p><strong>\u00bfCumple su protecci\u00f3n solar su funci\u00f3n? Con la ayuda de expertos, te explicamos las razones m\u00e1s comunes por las que tu protector solar no funciona y c\u00f3mo solucionar el problema.\u00a0<\/strong><\/p>\t\t\t\t\t\t\t\t<\/div>\n\t\t\t\t<\/div>\n\t\t\t\t<div class=\"elementor-element elementor-element-2b7519c elementor-widget elementor-widget-text-editor\" data-id=\"2b7519c\" data-element_type=\"widget\" data-e-type=\"widget\" data-widget_type=\"text-editor.default\">\n\t\t\t\t<div class=\"elementor-widget-container\">\n\t\t\t\t\t\t\t\t\t\"No todos los protectores solares son iguales\", dice Heidi Mullen, DO, m\u00e9dico residente de dermatolog\u00eda en Affiliated Dermatology. \"Aseg\u00farese de que su protector solar sea de amplio espectro, que proteja su piel de los rayos solares UVA y UVB. Adem\u00e1s, busca un SPF de 30 o superior, que te proteger\u00e1 de 97% de los da\u00f1inos rayos UVB del sol\".\n\n\t\t\t\t\t\t\t\t<\/div>\n\t\t\t\t<\/div>\n\t\t\t\t<div class=\"elementor-element elementor-element-c567a69 elementor-widget elementor-widget-text-editor\" data-id=\"c567a69\" data-element_type=\"widget\" data-e-type=\"widget\" data-widget_type=\"text-editor.default\">\n\t\t\t\t<div class=\"elementor-widget-container\">\n\t\t\t\t\t\t\t\t\t<p>Leer\u00a0<a href=\"https:\/\/theklog.co\/sunscreen-not-working\/\" target=\"_blank\" rel=\"noopener noreferrer\">El Klog<\/a>\u00a0para averiguar por qu\u00e9 tu protecci\u00f3n solar puede no estar funcionando tan bien como deber\u00eda, adem\u00e1s de consejos de profesionales del cuidado de la piel, como la Dra. Heidi Mullen de Affiliated Dermatology, para mantenerte protegido.<\/p><hr \/><h5><strong>Publicado originalmente por BY WENDY GOULD de The Klog.\u00a0<a href=\"https:\/\/theklog.co\/sunscreen-not-working\/\" target=\"_blank\" rel=\"noopener noreferrer\">\"6 razones por las que tu protector solar no funciona\".<\/a>\u00a0<\/strong><strong>2 DE JULIO DE 2019.\u00a0<\/strong><\/h5>\t\t\t\t\t\t\t\t<\/div>\n\t\t\t\t<\/div>\n\t\t\t\t\t<\/div>\n\t\t<\/div>\n\t\t\t\t\t<\/div>\n\t\t<\/section>\n\t\t\t\t<\/div>","protected":false},"excerpt":{"rendered":"<p>Is your sunscreen doing its job? With expert help, we\u2019re breaking down the common reasons why your sunscreen isn\u2019t working [&hellip;]<\/p>\n","protected":false},"author":1,"featured_media":2500,"comment_status":"closed","ping_status":"closed","sticky":false,"template":"","format":"standard","meta":{"_acf_changed":false,"footnotes":""},"categories":[22,21],"tags":[],"class_list":["post-2482","post","type-post","status-publish","format-standard","has-post-thumbnail","hentry","category-affiliated-dermatology-updates","category-skin-care"],"acf":[],"yoast_head":"<!-- This site is optimized with the Yoast SEO plugin v27.4 - https:\/\/yoast.com\/product\/yoast-seo-wordpress\/ -->\n<title>AffDerm in the News: 6 Reasons Why Your Sunscreen Isn\u2019t Working - Affiliated Dermatology<\/title>\n<meta name=\"robots\" content=\"index, follow, max-snippet:-1, max-image-preview:large, max-video-preview:-1\" \/>\n<link rel=\"canonical\" href=\"https:\/\/affderm.com\/es\/affderm-en-las-noticias-6-razones-por-las-que-tu-protector-solar-no-funciona\/\" \/>\n<meta property=\"og:locale\" content=\"es_MX\" \/>\n<meta property=\"og:type\" content=\"article\" \/>\n<meta property=\"og:title\" content=\"AffDerm in the News: 6 Reasons Why Your Sunscreen Isn\u2019t Working - Affiliated Dermatology\" \/>\n<meta property=\"og:description\" content=\"Is your sunscreen doing its job? With expert help, we\u2019re breaking down the common reasons why your sunscreen isn\u2019t working [&hellip;]\" \/>\n<meta property=\"og:url\" content=\"https:\/\/affderm.com\/es\/affderm-en-las-noticias-6-razones-por-las-que-tu-protector-solar-no-funciona\/\" \/>\n<meta property=\"og:site_name\" content=\"Affiliated Dermatology\" \/>\n<meta property=\"article:published_time\" content=\"2022-03-15T12:11:59+00:00\" \/>\n<meta property=\"article:modified_time\" content=\"2024-05-24T18:51:46+00:00\" \/>\n<meta property=\"og:image\" content=\"https:\/\/affderm.com\/wp-content\/uploads\/2022\/03\/affderm-2022-03-15T174129.076-1200x675.png\" \/>\n\t<meta property=\"og:image:width\" content=\"1200\" \/>\n\t<meta property=\"og:image:height\" content=\"675\" \/>\n\t<meta property=\"og:image:type\" content=\"image\/png\" \/>\n<meta name=\"author\" content=\"adminaff\" \/>\n<meta name=\"twitter:card\" content=\"summary_large_image\" \/>\n<meta name=\"twitter:label1\" content=\"Escrito por\" \/>\n\t<meta name=\"twitter:data1\" content=\"adminaff\" \/>\n\t<meta name=\"twitter:label2\" content=\"Tiempo de lectura\" \/>\n\t<meta name=\"twitter:data2\" content=\"1 minuto\" \/>\n<script type=\"application\/ld+json\" class=\"yoast-schema-graph\">{\"@context\":\"https:\\\/\\\/schema.org\",\"@graph\":[{\"@type\":\"Article\",\"@id\":\"https:\\\/\\\/affderm.com\\\/affderm-in-the-news-6-reasons-why-your-sunscreen-isnt-working\\\/#article\",\"isPartOf\":{\"@id\":\"https:\\\/\\\/affderm.com\\\/affderm-in-the-news-6-reasons-why-your-sunscreen-isnt-working\\\/\"},\"author\":{\"name\":\"adminaff\",\"@id\":\"https:\\\/\\\/affderm.com\\\/#\\\/schema\\\/person\\\/2c23376fe825a37257230a8c9f481131\"},\"headline\":\"AffDerm in the News: 6 Reasons Why Your Sunscreen Isn\u2019t Working\",\"datePublished\":\"2022-03-15T12:11:59+00:00\",\"dateModified\":\"2024-05-24T18:51:46+00:00\",\"mainEntityOfPage\":{\"@id\":\"https:\\\/\\\/affderm.com\\\/affderm-in-the-news-6-reasons-why-your-sunscreen-isnt-working\\\/\"},\"wordCount\":145,\"image\":{\"@id\":\"https:\\\/\\\/affderm.com\\\/affderm-in-the-news-6-reasons-why-your-sunscreen-isnt-working\\\/#primaryimage\"},\"thumbnailUrl\":\"https:\\\/\\\/affderm.com\\\/wp-content\\\/uploads\\\/2022\\\/03\\\/affderm-2022-03-15T174129.076.png\",\"articleSection\":[\"Affiliated Dermatology Updates\",\"Skin Care\"],\"inLanguage\":\"es\"},{\"@type\":\"WebPage\",\"@id\":\"https:\\\/\\\/affderm.com\\\/affderm-in-the-news-6-reasons-why-your-sunscreen-isnt-working\\\/\",\"url\":\"https:\\\/\\\/affderm.com\\\/affderm-in-the-news-6-reasons-why-your-sunscreen-isnt-working\\\/\",\"name\":\"AffDerm in the News: 6 Reasons Why Your Sunscreen Isn\u2019t Working - Affiliated Dermatology\",\"isPartOf\":{\"@id\":\"https:\\\/\\\/affderm.com\\\/#website\"},\"primaryImageOfPage\":{\"@id\":\"https:\\\/\\\/affderm.com\\\/affderm-in-the-news-6-reasons-why-your-sunscreen-isnt-working\\\/#primaryimage\"},\"image\":{\"@id\":\"https:\\\/\\\/affderm.com\\\/affderm-in-the-news-6-reasons-why-your-sunscreen-isnt-working\\\/#primaryimage\"},\"thumbnailUrl\":\"https:\\\/\\\/affderm.com\\\/wp-content\\\/uploads\\\/2022\\\/03\\\/affderm-2022-03-15T174129.076.png\",\"datePublished\":\"2022-03-15T12:11:59+00:00\",\"dateModified\":\"2024-05-24T18:51:46+00:00\",\"author\":{\"@id\":\"https:\\\/\\\/affderm.com\\\/#\\\/schema\\\/person\\\/2c23376fe825a37257230a8c9f481131\"},\"breadcrumb\":{\"@id\":\"https:\\\/\\\/affderm.com\\\/affderm-in-the-news-6-reasons-why-your-sunscreen-isnt-working\\\/#breadcrumb\"},\"inLanguage\":\"es\",\"potentialAction\":[{\"@type\":\"ReadAction\",\"target\":[\"https:\\\/\\\/affderm.com\\\/affderm-in-the-news-6-reasons-why-your-sunscreen-isnt-working\\\/\"]}]},{\"@type\":\"ImageObject\",\"inLanguage\":\"es\",\"@id\":\"https:\\\/\\\/affderm.com\\\/affderm-in-the-news-6-reasons-why-your-sunscreen-isnt-working\\\/#primaryimage\",\"url\":\"https:\\\/\\\/affderm.com\\\/wp-content\\\/uploads\\\/2022\\\/03\\\/affderm-2022-03-15T174129.076.png\",\"contentUrl\":\"https:\\\/\\\/affderm.com\\\/wp-content\\\/uploads\\\/2022\\\/03\\\/affderm-2022-03-15T174129.076.png\",\"width\":2140,\"height\":1203},{\"@type\":\"BreadcrumbList\",\"@id\":\"https:\\\/\\\/affderm.com\\\/affderm-in-the-news-6-reasons-why-your-sunscreen-isnt-working\\\/#breadcrumb\",\"itemListElement\":[{\"@type\":\"ListItem\",\"position\":1,\"name\":\"Home\",\"item\":\"https:\\\/\\\/affderm.com\\\/\"},{\"@type\":\"ListItem\",\"position\":2,\"name\":\"AffDerm in the News: 6 Reasons Why Your Sunscreen\"}]},{\"@type\":\"WebSite\",\"@id\":\"https:\\\/\\\/affderm.com\\\/#website\",\"url\":\"https:\\\/\\\/affderm.com\\\/\",\"name\":\"Affiliated Dermatology\",\"description\":\"Experts in Skin Disease Treatment &amp; Prevention\",\"potentialAction\":[{\"@type\":\"SearchAction\",\"target\":{\"@type\":\"EntryPoint\",\"urlTemplate\":\"https:\\\/\\\/affderm.com\\\/?s={search_term_string}\"},\"query-input\":{\"@type\":\"PropertyValueSpecification\",\"valueRequired\":true,\"valueName\":\"search_term_string\"}}],\"inLanguage\":\"es\"},{\"@type\":\"Person\",\"@id\":\"https:\\\/\\\/affderm.com\\\/#\\\/schema\\\/person\\\/2c23376fe825a37257230a8c9f481131\",\"name\":\"adminaff\",\"sameAs\":[\"https:\\\/\\\/affderm.com\\\/affderm.com\"],\"url\":\"https:\\\/\\\/affderm.com\\\/es\\\/author\\\/adminaff\\\/\"}]}<\/script>\n<!-- \/ Yoast SEO plugin. -->","yoast_head_json":{"title":"AffDerm en las Noticias: 6 razones por las que tu protector solar no funciona - Affiliated Dermatology","robots":{"index":"index","follow":"follow","max-snippet":"max-snippet:-1","max-image-preview":"max-image-preview:large","max-video-preview":"max-video-preview:-1"},"canonical":"https:\/\/affderm.com\/es\/affderm-en-las-noticias-6-razones-por-las-que-tu-protector-solar-no-funciona\/","og_locale":"es_MX","og_type":"article","og_title":"AffDerm in the News: 6 Reasons Why Your Sunscreen Isn\u2019t Working - Affiliated Dermatology","og_description":"Is your sunscreen doing its job? With expert help, we\u2019re breaking down the common reasons why your sunscreen isn\u2019t working [&hellip;]","og_url":"https:\/\/affderm.com\/es\/affderm-en-las-noticias-6-razones-por-las-que-tu-protector-solar-no-funciona\/","og_site_name":"Affiliated Dermatology","article_published_time":"2022-03-15T12:11:59+00:00","article_modified_time":"2024-05-24T18:51:46+00:00","og_image":[{"width":1200,"height":675,"url":"https:\/\/affderm.com\/wp-content\/uploads\/2022\/03\/affderm-2022-03-15T174129.076-1200x675.png","type":"image\/png"}],"author":"adminaff","twitter_card":"summary_large_image","twitter_misc":{"Escrito por":"adminaff","Tiempo de lectura":"1 minuto"},"schema":{"@context":"https:\/\/schema.org","@graph":[{"@type":"Article","@id":"https:\/\/affderm.com\/affderm-in-the-news-6-reasons-why-your-sunscreen-isnt-working\/#article","isPartOf":{"@id":"https:\/\/affderm.com\/affderm-in-the-news-6-reasons-why-your-sunscreen-isnt-working\/"},"author":{"name":"adminaff","@id":"https:\/\/affderm.com\/#\/schema\/person\/2c23376fe825a37257230a8c9f481131"},"headline":"AffDerm in the News: 6 Reasons Why Your Sunscreen Isn\u2019t Working","datePublished":"2022-03-15T12:11:59+00:00","dateModified":"2024-05-24T18:51:46+00:00","mainEntityOfPage":{"@id":"https:\/\/affderm.com\/affderm-in-the-news-6-reasons-why-your-sunscreen-isnt-working\/"},"wordCount":145,"image":{"@id":"https:\/\/affderm.com\/affderm-in-the-news-6-reasons-why-your-sunscreen-isnt-working\/#primaryimage"},"thumbnailUrl":"https:\/\/affderm.com\/wp-content\/uploads\/2022\/03\/affderm-2022-03-15T174129.076.png","articleSection":["Affiliated Dermatology Updates","Skin Care"],"inLanguage":"es"},{"@type":"WebPage","@id":"https:\/\/affderm.com\/affderm-in-the-news-6-reasons-why-your-sunscreen-isnt-working\/","url":"https:\/\/affderm.com\/affderm-in-the-news-6-reasons-why-your-sunscreen-isnt-working\/","name":"AffDerm en las Noticias: 6 razones por las que tu protector solar no funciona - Affiliated Dermatology","isPartOf":{"@id":"https:\/\/affderm.com\/#website"},"primaryImageOfPage":{"@id":"https:\/\/affderm.com\/affderm-in-the-news-6-reasons-why-your-sunscreen-isnt-working\/#primaryimage"},"image":{"@id":"https:\/\/affderm.com\/affderm-in-the-news-6-reasons-why-your-sunscreen-isnt-working\/#primaryimage"},"thumbnailUrl":"https:\/\/affderm.com\/wp-content\/uploads\/2022\/03\/affderm-2022-03-15T174129.076.png","datePublished":"2022-03-15T12:11:59+00:00","dateModified":"2024-05-24T18:51:46+00:00","author":{"@id":"https:\/\/affderm.com\/#\/schema\/person\/2c23376fe825a37257230a8c9f481131"},"breadcrumb":{"@id":"https:\/\/affderm.com\/affderm-in-the-news-6-reasons-why-your-sunscreen-isnt-working\/#breadcrumb"},"inLanguage":"es","potentialAction":[{"@type":"ReadAction","target":["https:\/\/affderm.com\/affderm-in-the-news-6-reasons-why-your-sunscreen-isnt-working\/"]}]},{"@type":"ImageObject","inLanguage":"es","@id":"https:\/\/affderm.com\/affderm-in-the-news-6-reasons-why-your-sunscreen-isnt-working\/#primaryimage","url":"https:\/\/affderm.com\/wp-content\/uploads\/2022\/03\/affderm-2022-03-15T174129.076.png","contentUrl":"https:\/\/affderm.com\/wp-content\/uploads\/2022\/03\/affderm-2022-03-15T174129.076.png","width":2140,"height":1203},{"@type":"BreadcrumbList","@id":"https:\/\/affderm.com\/affderm-in-the-news-6-reasons-why-your-sunscreen-isnt-working\/#breadcrumb","itemListElement":[{"@type":"ListItem","position":1,"name":"Home","item":"https:\/\/affderm.com\/"},{"@type":"ListItem","position":2,"name":"AffDerm in the News: 6 Reasons Why Your Sunscreen"}]},{"@type":"WebSite","@id":"https:\/\/affderm.com\/#website","url":"https:\/\/affderm.com\/","name":"Dermatolog\u00eda afiliada","description":"Expertos en tratamiento y prevenci\u00f3n de enfermedades cut\u00e1neas","potentialAction":[{"@type":"SearchAction","target":{"@type":"EntryPoint","urlTemplate":"https:\/\/affderm.com\/?s={search_term_string}"},"query-input":{"@type":"PropertyValueSpecification","valueRequired":true,"valueName":"search_term_string"}}],"inLanguage":"es"},{"@type":"Person","@id":"https:\/\/affderm.com\/#\/schema\/person\/2c23376fe825a37257230a8c9f481131","name":"adminaff","sameAs":["https:\/\/affderm.com\/affderm.com"],"url":"https:\/\/affderm.com\/es\/author\/adminaff\/"}]}},"_links":{"self":[{"href":"https:\/\/affderm.com\/es\/wp-json\/wp\/v2\/posts\/2482","targetHints":{"allow":["GET"]}}],"collection":[{"href":"https:\/\/affderm.com\/es\/wp-json\/wp\/v2\/posts"}],"about":[{"href":"https:\/\/affderm.com\/es\/wp-json\/wp\/v2\/types\/post"}],"author":[{"embeddable":true,"href":"https:\/\/affderm.com\/es\/wp-json\/wp\/v2\/users\/1"}],"replies":[{"embeddable":true,"href":"https:\/\/affderm.com\/es\/wp-json\/wp\/v2\/comments?post=2482"}],"version-history":[{"count":0,"href":"https:\/\/affderm.com\/es\/wp-json\/wp\/v2\/posts\/2482\/revisions"}],"wp:featuredmedia":[{"embeddable":true,"href":"https:\/\/affderm.com\/es\/wp-json\/wp\/v2\/media\/2500"}],"wp:attachment":[{"href":"https:\/\/affderm.com\/es\/wp-json\/wp\/v2\/media?parent=2482"}],"wp:term":[{"taxonomy":"category","embeddable":true,"href":"https:\/\/affderm.com\/es\/wp-json\/wp\/v2\/categories?post=2482"},{"taxonomy":"post_tag","embeddable":true,"href":"https:\/\/affderm.com\/es\/wp-json\/wp\/v2\/tags?post=2482"}],"curies":[{"name":"wp","href":"https:\/\/api.w.org\/{rel}","templated":true}]}}