{"id":2512,"date":"2022-03-15T12:16:27","date_gmt":"2022-03-15T12:16:27","guid":{"rendered":"http:\/\/120.72.95.94:55147\/?p=2512"},"modified":"2024-05-24T11:51:28","modified_gmt":"2024-05-24T18:51:28","slug":"radioterapia-superficial-para-el-tratamiento-de-los-canceres-de-piel-no-melanoma","status":"publish","type":"post","link":"https:\/\/affderm.com\/es\/superficial-radiation-therapy-for-the-treatment-of-nonmelanoma-skin-cancers\/","title":{"rendered":"Radioterapia superficial para el tratamiento de los c\u00e1nceres de piel no melanoma"},"content":{"rendered":"<div data-elementor-type=\"wp-post\" data-elementor-id=\"2512\" class=\"elementor elementor-2512\">\n\t\t\t\t\t\t<section class=\"elementor-section elementor-top-section elementor-element elementor-element-6cdeae8 elementor-section-boxed elementor-section-height-default elementor-section-height-default\" data-id=\"6cdeae8\" data-element_type=\"section\" data-e-type=\"section\">\n\t\t\t\t\t\t<div class=\"elementor-container elementor-column-gap-default\">\n\t\t\t\t\t<div class=\"elementor-column elementor-col-100 elementor-top-column elementor-element elementor-element-4821f49\" data-id=\"4821f49\" data-element_type=\"column\" data-e-type=\"column\">\n\t\t\t<div class=\"elementor-widget-wrap elementor-element-populated\">\n\t\t\t\t\t\t<div class=\"elementor-element elementor-element-59cddca elementor-widget elementor-widget-text-editor\" data-id=\"59cddca\" data-element_type=\"widget\" data-e-type=\"widget\" data-widget_type=\"text-editor.default\">\n\t\t\t\t<div class=\"elementor-widget-container\">\n\t\t\t\t\t\t\t\t\t<p><strong>Al administrar una dosis precisa y calibrada de radiaci\u00f3n que penetra justo por debajo de la superficie de la piel, la radioterapia superficial destruye de forma segura y eficaz las c\u00e9lulas malignas del c\u00e1ncer de piel no melanoma.\u00a0<\/strong><span id=\"more-4655\"><\/span>El c\u00e1ncer de piel es la forma m\u00e1s com\u00fan de c\u00e1ncer aqu\u00ed en los Estados Unidos y eso significa que cada vez m\u00e1s personas requerir\u00e1n tratamiento para el c\u00e1ncer de piel en los pr\u00f3ximos a\u00f1os. La Dra. Christine Lin, jefa de personal de Affiliated Dermatology, habla con Susan Casper de\u00a0<a href=\"https:\/\/www.abc15.com\/lifestyle\/sonoran-living\/sl-sponsors\/affiliated-dermatology-offers-skin-cancer-treatments-prevention\" target=\"_blank\" rel=\"noopener noreferrer\">Vida en Sonora<\/a>\u00a0para hablar de un tratamiento contra el c\u00e1ncer de piel llamado\u00a0<a href=\"https:\/\/affderm.com\/es\/servicios\/tratamiento-del-cancer-de-piel-prevencion\/radioterapia-superficial\/\" target=\"_blank\" rel=\"noopener noreferrer\">Radioterapia superficial<\/a>.<\/p><p>SRT tiene una tasa de curaci\u00f3n del 95% para el c\u00e1ncer de piel no melanoma y es pr\u00e1cticamente indoloro, sin tiempo de inactividad. Descubra c\u00f3mo el dispositivo SRT est\u00e1 dise\u00f1ado para eliminar cuidadosamente las c\u00e9lulas de carcinoma basal o escamoso, preservando al mismo tiempo los tejidos sanos que rodean la zona de tratamiento.<\/p>\t\t\t\t\t\t\t\t<\/div>\n\t\t\t\t<\/div>\n\t\t\t\t<div class=\"elementor-element elementor-element-7d15780 elementor-widget__width-initial elementor-widget elementor-widget-video\" data-id=\"7d15780\" data-element_type=\"widget\" data-e-type=\"widget\" data-settings=\"{&quot;youtube_url&quot;:&quot;https:\\\/\\\/www.youtube.com\\\/watch?v=P15PuuxhvdQ&amp;feature=emb_logo&quot;,&quot;video_type&quot;:&quot;youtube&quot;,&quot;controls&quot;:&quot;yes&quot;}\" data-widget_type=\"video.default\">\n\t\t\t\t<div class=\"elementor-widget-container\">\n\t\t\t\t\t\t\t<div class=\"elementor-wrapper elementor-open-inline\">\n\t\t\t<div class=\"elementor-video\"><\/div>\t\t<\/div>\n\t\t\t\t\t\t<\/div>\n\t\t\t\t<\/div>\n\t\t\t\t<div class=\"elementor-element elementor-element-2a8bc00 elementor-widget elementor-widget-text-editor\" data-id=\"2a8bc00\" data-element_type=\"widget\" data-e-type=\"widget\" data-widget_type=\"text-editor.default\">\n\t\t\t\t<div class=\"elementor-widget-container\">\n\t\t\t\t\t\t\t\t\t<h3><strong>\u00bfQu\u00e9 es el c\u00e1ncer de piel?<\/strong><\/h3><p><a href=\"https:\/\/affderm.com\/es\/2019\/05\/01\/tratamiento-preventivo-del-cancer-de-piel\/\" target=\"_blank\" rel=\"noopener noreferrer\">C\u00e1ncer de piel<\/a>\u00a0es el m\u00e1s com\u00fan de todos los c\u00e1nceres y representa casi la mitad de todos los c\u00e1nceres en Estados Unidos. Cada a\u00f1o se diagnostican en este pa\u00eds m\u00e1s de 3,5 millones de casos de c\u00e1ncer de piel de c\u00e9lulas basales y escamosas. El alarmante aumento del diagn\u00f3stico de\u00a0<a href=\"https:\/\/www.sensushealthcare.com\/basal-cell-carcinoma-treatment\/\" target=\"_blank\" rel=\"noopener noreferrer\">basal\u00a0<\/a>y\u00a0<a href=\"https:\/\/www.sensushealthcare.com\/squamous-cell-carcinoma-treatment\/\" target=\"_blank\" rel=\"noopener noreferrer\">c\u00e9lulas escamosas\u00a0<\/a>(no melanoma) significa que cada vez m\u00e1s personas necesitar\u00e1n tratamiento para el c\u00e1ncer de piel en los pr\u00f3ximos a\u00f1os.<\/p><p>El c\u00e1ncer de piel no melanoma es el de m\u00e1s r\u00e1pido crecimiento en el mundo, y se diagnostica a unos cuatro millones de personas, 2,5 veces m\u00e1s que todos los dem\u00e1s c\u00e1nceres juntos. Para 2020, los expertos predicen que esa cifra aumentar\u00e1 a casi seis millones, impulsada por la generaci\u00f3n del baby boom.<\/p><h3><b>\u00bfQu\u00e9 causa el c\u00e1ncer de piel?<\/b><\/h3><p>La mayor causa de c\u00e1ncer de piel se debe a\u00a0<a href=\"https:\/\/affderm.com\/es\/2019\/05\/18\/como-practicar-la-seguridad-solar\/\" target=\"_blank\" rel=\"noopener noreferrer\">Radiaci\u00f3n UV por exposici\u00f3n al sol<\/a>. El aumento de las camas bronceadoras de interior puede ser tan perjudicial como los rayos solares. Las personas con antecedentes de c\u00e1ncer de piel en su familia pueden tener m\u00e1s riesgo que otras. Si tiene la piel, los ojos y el pelo claros, tambi\u00e9n corre un mayor riesgo de padecer c\u00e1ncer de piel.<\/p><h3><b>\u00bfQu\u00e9 es la radioterapia superficial?<\/b><\/h3><p>Affiliated Dermatology se especializa en el tratamiento del c\u00e1ncer de piel mediante el uso de la\u00a0<a href=\"https:\/\/www.sensushealthcare.com\/blog\/superficial-radiation-therapy-srt\/\" target=\"_blank\" rel=\"noopener noreferrer\">Radioterapia superficial (SRT)<\/a>\u00a0t\u00e9cnica. SRT eliminar\u00e1 el c\u00e1ncer de zonas delicadas y de dif\u00edcil acceso. Mediante la administraci\u00f3n de una dosis precisa y calibrada de Radioterapia Superficial que s\u00f3lo llega a la profundidad de la piel, usted puede ser tratado de forma segura en nuestra oficina para los c\u00e1nceres de piel no melanoma.<\/p>\t\t\t\t\t\t\t\t<\/div>\n\t\t\t\t<\/div>\n\t\t\t\t<div class=\"elementor-element elementor-element-1a4650e elementor-widget elementor-widget-image\" data-id=\"1a4650e\" data-element_type=\"widget\" data-e-type=\"widget\" data-widget_type=\"image.default\">\n\t\t\t\t<div class=\"elementor-widget-container\">\n\t\t\t\t\t\t\t\t\t\t\t\t\t\t\t<img fetchpriority=\"high\" decoding=\"async\" width=\"800\" height=\"450\" src=\"https:\/\/affderm.com\/wp-content\/uploads\/2022\/03\/affderm-2022-03-15T174720.439-1200x675.png\" class=\"attachment-large size-large wp-image-2515\" alt=\"\" srcset=\"https:\/\/affderm.com\/wp-content\/uploads\/2022\/03\/affderm-2022-03-15T174720.439-1200x675.png 1200w, https:\/\/affderm.com\/wp-content\/uploads\/2022\/03\/affderm-2022-03-15T174720.439-800x450.png 800w, https:\/\/affderm.com\/wp-content\/uploads\/2022\/03\/affderm-2022-03-15T174720.439-768x432.png 768w, https:\/\/affderm.com\/wp-content\/uploads\/2022\/03\/affderm-2022-03-15T174720.439.png 1280w\" sizes=\"(max-width: 800px) 100vw, 800px\" \/>\t\t\t\t\t\t\t\t\t\t\t\t\t\t\t<\/div>\n\t\t\t\t<\/div>\n\t\t\t\t<div class=\"elementor-element elementor-element-dbd7a0a elementor-widget elementor-widget-text-editor\" data-id=\"dbd7a0a\" data-element_type=\"widget\" data-e-type=\"widget\" data-widget_type=\"text-editor.default\">\n\t\t\t\t<div class=\"elementor-widget-container\">\n\t\t\t\t\t\t\t\t\t<p>La radioterapia superficial de baja dosis es pr\u00e1cticamente indolora y destruye eficazmente el carcinoma de c\u00e9lulas basales y el carcinoma de c\u00e9lulas escamosas, as\u00ed como las c\u00e9lulas tumorales no malignas que causan los queloides. Lo mejor de todo es que no implica cortes, hemorragias ni suturas. Con esta tecnolog\u00eda, no hay necesidad de anestesia, no hay riesgo de infecci\u00f3n o cicatrizaci\u00f3n, no hay necesidad de cirug\u00eda pl\u00e1stica reconstructiva. Como puede ver en estas\u00a0<a href=\"https:\/\/www.sensushealthcare.com\/patient-outcomes\/\" target=\"_blank\" rel=\"noopener noreferrer\">fotos de antes y despu\u00e9s<\/a>Los pacientes se curan r\u00e1pidamente y no tienen tiempo de inactividad ni restricciones en su estilo de vida tras el tratamiento.<\/p>\t\t\t\t\t\t\t\t<\/div>\n\t\t\t\t<\/div>\n\t\t\t\t<div class=\"elementor-element elementor-element-0400380 elementor-widget elementor-widget-image\" data-id=\"0400380\" data-element_type=\"widget\" data-e-type=\"widget\" data-widget_type=\"image.default\">\n\t\t\t\t<div class=\"elementor-widget-container\">\n\t\t\t\t\t\t\t\t\t\t\t\t\t\t\t<img decoding=\"async\" width=\"800\" height=\"800\" src=\"https:\/\/affderm.com\/wp-content\/uploads\/2022\/03\/affderm-2022-03-15T174722.961.png\" class=\"attachment-large size-large wp-image-2516\" alt=\"\" srcset=\"https:\/\/affderm.com\/wp-content\/uploads\/2022\/03\/affderm-2022-03-15T174722.961.png 1200w, https:\/\/affderm.com\/wp-content\/uploads\/2022\/03\/affderm-2022-03-15T174722.961-800x800.png 800w, https:\/\/affderm.com\/wp-content\/uploads\/2022\/03\/affderm-2022-03-15T174722.961-500x500.png 500w, https:\/\/affderm.com\/wp-content\/uploads\/2022\/03\/affderm-2022-03-15T174722.961-768x768.png 768w, https:\/\/affderm.com\/wp-content\/uploads\/2022\/03\/affderm-2022-03-15T174722.961-150x150.png 150w\" sizes=\"(max-width: 800px) 100vw, 800px\" \/>\t\t\t\t\t\t\t\t\t\t\t\t\t\t\t<\/div>\n\t\t\t\t<\/div>\n\t\t\t\t<div class=\"elementor-element elementor-element-ac921c2 elementor-widget elementor-widget-text-editor\" data-id=\"ac921c2\" data-element_type=\"widget\" data-e-type=\"widget\" data-widget_type=\"text-editor.default\">\n\t\t\t\t<div class=\"elementor-widget-container\">\n\t\t\t\t\t\t\t\t\t<p>Si su proveedor le ha diagnosticado c\u00e1ncer de piel no melanoma, la TER es una opci\u00f3n no quir\u00fargica segura y eficaz para su tratamiento.<\/p><h3><b>\u00bfQu\u00e9 esperar durante un tratamiento?<\/b><\/h3><p>Dependiendo del protocolo de tratamiento que elija su proveedor para su caso particular, es posible que necesite varios tratamientos por semana durante varias semanas. No debe sentir dolor, cortes, hemorragias ni cicatrices a causa del tratamiento. El tratamiento SRT ofrece la ventaja de recibir tratamiento para el c\u00e1ncer de piel sin tiempo de inactividad ni interrupci\u00f3n de su estilo de vida.<\/p>\t\t\t\t\t\t\t\t<\/div>\n\t\t\t\t<\/div>\n\t\t\t\t<div class=\"elementor-element elementor-element-e0435f5 elementor-widget elementor-widget-image\" data-id=\"e0435f5\" data-element_type=\"widget\" data-e-type=\"widget\" data-widget_type=\"image.default\">\n\t\t\t\t<div class=\"elementor-widget-container\">\n\t\t\t\t\t\t\t\t\t\t\t\t\t\t\t<img decoding=\"async\" width=\"647\" height=\"349\" src=\"https:\/\/affderm.com\/wp-content\/uploads\/2022\/03\/affderm-2022-03-15T174854.598.png\" class=\"attachment-large size-large wp-image-2517\" alt=\"\" \/>\t\t\t\t\t\t\t\t\t\t\t\t\t\t\t<\/div>\n\t\t\t\t<\/div>\n\t\t\t\t<div class=\"elementor-element elementor-element-c30479b elementor-widget elementor-widget-text-editor\" data-id=\"c30479b\" data-element_type=\"widget\" data-e-type=\"widget\" data-widget_type=\"text-editor.default\">\n\t\t\t\t<div class=\"elementor-widget-container\">\n\t\t\t\t\t\t\t\t\t<h3><b>Importancia de las pruebas de detecci\u00f3n del c\u00e1ncer de piel<\/b><\/h3><p>La detecci\u00f3n precoz es clave para salvar vidas. Semestral\u00a0<a href=\"https:\/\/affderm.com\/es\/servicios\/tratamiento-del-cancer-de-piel-prevencion\/pruebas-de-deteccion-del-cancer-de-piel\/\">ex\u00e1menes cut\u00e1neos corporales completos<\/a>\u00a0por los m\u00e9dicos de Affiliated Dermatology pueden ayudar en el diagn\u00f3stico y tratamiento del c\u00e1ncer de piel. Realizamos ex\u00e1menes de la piel y biopsias que pueden determinar r\u00e1pidamente si usted est\u00e1 en riesgo de desarrollar c\u00e1ncer de piel o si ya ha desarrollado la enfermedad. Los c\u00e1nceres de piel son generalmente curables si se detectan a tiempo, sin embargo, los autoex\u00e1menes regulares y las visitas al m\u00e9dico son imprescindibles.<\/p>\t\t\t\t\t\t\t\t<\/div>\n\t\t\t\t<\/div>\n\t\t\t\t<div class=\"elementor-element elementor-element-8746c50 elementor-widget elementor-widget-image\" data-id=\"8746c50\" data-element_type=\"widget\" data-e-type=\"widget\" data-widget_type=\"image.default\">\n\t\t\t\t<div class=\"elementor-widget-container\">\n\t\t\t\t\t\t\t\t\t\t\t\t\t\t\t<img loading=\"lazy\" decoding=\"async\" width=\"800\" height=\"800\" src=\"https:\/\/affderm.com\/wp-content\/uploads\/2022\/03\/affderm-2022-03-15T174921.803.png\" class=\"attachment-large size-large wp-image-2518\" alt=\"\" srcset=\"https:\/\/affderm.com\/wp-content\/uploads\/2022\/03\/affderm-2022-03-15T174921.803.png 1200w, https:\/\/affderm.com\/wp-content\/uploads\/2022\/03\/affderm-2022-03-15T174921.803-800x800.png 800w, https:\/\/affderm.com\/wp-content\/uploads\/2022\/03\/affderm-2022-03-15T174921.803-500x500.png 500w, https:\/\/affderm.com\/wp-content\/uploads\/2022\/03\/affderm-2022-03-15T174921.803-768x768.png 768w, https:\/\/affderm.com\/wp-content\/uploads\/2022\/03\/affderm-2022-03-15T174921.803-150x150.png 150w\" sizes=\"(max-width: 800px) 100vw, 800px\" \/>\t\t\t\t\t\t\t\t\t\t\t\t\t\t\t<\/div>\n\t\t\t\t<\/div>\n\t\t\t\t<div class=\"elementor-element elementor-element-ea544f7 elementor-widget elementor-widget-text-editor\" data-id=\"ea544f7\" data-element_type=\"widget\" data-e-type=\"widget\" data-widget_type=\"text-editor.default\">\n\t\t\t\t<div class=\"elementor-widget-container\">\n\t\t\t\t\t\t\t\t\t<p>Con un\u00a0<a href=\"https:\/\/affderm.com\/es\/acerca-de\/laboratorio-de-dermatopatologia\/\">laboratorio interno<\/a>\u00a0y dermatopat\u00f3logo certificado, los m\u00e9dicos de Affiliated Dermatology son capaces de proporcionar este nuevo estado de la t\u00e9cnica de tratamiento para el c\u00e1ncer de piel, sin embargo, no todos los c\u00e1nceres de piel requieren SRT. Affiliated Dermatology determinar\u00e1 si usted es un candidato y requiere este procedimiento.<\/p><p><b>Si tiene alguna preocupaci\u00f3n sobre la piel o lunares inusuales, reserve hoy mismo su examen anual de la piel de todo el cuerpo. Para programar su examen completo de la piel del cuerpo, llame a Affiliated Dermatology al (602) 775-5025 o\u00a0<a href=\"https:\/\/affderm.com\/es\/contacto\/\">solicitar una cita en l\u00ednea<\/a>.<\/b><\/p>\t\t\t\t\t\t\t\t<\/div>\n\t\t\t\t<\/div>\n\t\t\t\t\t<\/div>\n\t\t<\/div>\n\t\t\t\t\t<\/div>\n\t\t<\/section>\n\t\t\t\t<\/div>","protected":false},"excerpt":{"rendered":"<p>By delivering a precise and calibrated dose of radiation that penetrates just below the skin\u2019s surface, Superficial Radiation Therapy safely [&hellip;]<\/p>\n","protected":false},"author":1,"featured_media":2513,"comment_status":"closed","ping_status":"closed","sticky":false,"template":"","format":"standard","meta":{"_acf_changed":false,"footnotes":""},"categories":[18,23],"tags":[],"class_list":["post-2512","post","type-post","status-publish","format-standard","has-post-thumbnail","hentry","category-medical-dermatology","category-skin-cancer"],"acf":[],"yoast_head":"<!-- This site is optimized with the Yoast SEO plugin v27.5 - https:\/\/yoast.com\/product\/yoast-seo-wordpress\/ -->\n<title>Superficial Radiation Therapy for the Treatment of Nonmelanoma Skin Cancers - Affiliated Dermatology<\/title>\n<meta name=\"robots\" content=\"index, follow, max-snippet:-1, max-image-preview:large, max-video-preview:-1\" \/>\n<link rel=\"canonical\" href=\"https:\/\/affderm.com\/es\/radioterapia-superficial-para-el-tratamiento-de-los-canceres-de-piel-no-melanoma\/\" \/>\n<meta property=\"og:locale\" content=\"es_MX\" \/>\n<meta property=\"og:type\" content=\"article\" \/>\n<meta property=\"og:title\" content=\"Superficial Radiation Therapy for the Treatment of Nonmelanoma Skin Cancers - Affiliated Dermatology\" \/>\n<meta property=\"og:description\" content=\"By delivering a precise and calibrated dose of radiation that penetrates just below the skin\u2019s surface, Superficial Radiation Therapy safely [&hellip;]\" \/>\n<meta property=\"og:url\" content=\"https:\/\/affderm.com\/es\/radioterapia-superficial-para-el-tratamiento-de-los-canceres-de-piel-no-melanoma\/\" \/>\n<meta property=\"og:site_name\" content=\"Affiliated Dermatology\" \/>\n<meta property=\"article:published_time\" content=\"2022-03-15T12:16:27+00:00\" \/>\n<meta property=\"article:modified_time\" content=\"2024-05-24T18:51:28+00:00\" \/>\n<meta property=\"og:image\" content=\"https:\/\/affderm.com\/wp-content\/uploads\/2022\/03\/affderm-2022-03-15T174550.345.png\" \/>\n\t<meta property=\"og:image:width\" content=\"1200\" \/>\n\t<meta property=\"og:image:height\" content=\"627\" \/>\n\t<meta property=\"og:image:type\" content=\"image\/png\" \/>\n<meta name=\"author\" content=\"adminaff\" \/>\n<meta name=\"twitter:card\" content=\"summary_large_image\" \/>\n<meta name=\"twitter:label1\" content=\"Escrito por\" \/>\n\t<meta name=\"twitter:data1\" content=\"adminaff\" \/>\n\t<meta name=\"twitter:label2\" content=\"Tiempo de lectura\" \/>\n\t<meta name=\"twitter:data2\" content=\"3 minutos\" \/>\n<script type=\"application\/ld+json\" class=\"yoast-schema-graph\">{\"@context\":\"https:\\\/\\\/schema.org\",\"@graph\":[{\"@type\":\"Article\",\"@id\":\"https:\\\/\\\/affderm.com\\\/superficial-radiation-therapy-for-the-treatment-of-nonmelanoma-skin-cancers\\\/#article\",\"isPartOf\":{\"@id\":\"https:\\\/\\\/affderm.com\\\/superficial-radiation-therapy-for-the-treatment-of-nonmelanoma-skin-cancers\\\/\"},\"author\":{\"name\":\"adminaff\",\"@id\":\"https:\\\/\\\/affderm.com\\\/#\\\/schema\\\/person\\\/2c23376fe825a37257230a8c9f481131\"},\"headline\":\"Superficial Radiation Therapy for the Treatment of Nonmelanoma Skin Cancers\",\"datePublished\":\"2022-03-15T12:16:27+00:00\",\"dateModified\":\"2024-05-24T18:51:28+00:00\",\"mainEntityOfPage\":{\"@id\":\"https:\\\/\\\/affderm.com\\\/superficial-radiation-therapy-for-the-treatment-of-nonmelanoma-skin-cancers\\\/\"},\"wordCount\":709,\"image\":{\"@id\":\"https:\\\/\\\/affderm.com\\\/superficial-radiation-therapy-for-the-treatment-of-nonmelanoma-skin-cancers\\\/#primaryimage\"},\"thumbnailUrl\":\"https:\\\/\\\/affderm.com\\\/wp-content\\\/uploads\\\/2022\\\/03\\\/affderm-2022-03-15T174550.345.png\",\"articleSection\":[\"Medical Dermatology\",\"Skin Cancer\"],\"inLanguage\":\"es\"},{\"@type\":\"WebPage\",\"@id\":\"https:\\\/\\\/affderm.com\\\/superficial-radiation-therapy-for-the-treatment-of-nonmelanoma-skin-cancers\\\/\",\"url\":\"https:\\\/\\\/affderm.com\\\/superficial-radiation-therapy-for-the-treatment-of-nonmelanoma-skin-cancers\\\/\",\"name\":\"Superficial Radiation Therapy for the Treatment of Nonmelanoma Skin Cancers - Affiliated Dermatology\",\"isPartOf\":{\"@id\":\"https:\\\/\\\/affderm.com\\\/#website\"},\"primaryImageOfPage\":{\"@id\":\"https:\\\/\\\/affderm.com\\\/superficial-radiation-therapy-for-the-treatment-of-nonmelanoma-skin-cancers\\\/#primaryimage\"},\"image\":{\"@id\":\"https:\\\/\\\/affderm.com\\\/superficial-radiation-therapy-for-the-treatment-of-nonmelanoma-skin-cancers\\\/#primaryimage\"},\"thumbnailUrl\":\"https:\\\/\\\/affderm.com\\\/wp-content\\\/uploads\\\/2022\\\/03\\\/affderm-2022-03-15T174550.345.png\",\"datePublished\":\"2022-03-15T12:16:27+00:00\",\"dateModified\":\"2024-05-24T18:51:28+00:00\",\"author\":{\"@id\":\"https:\\\/\\\/affderm.com\\\/#\\\/schema\\\/person\\\/2c23376fe825a37257230a8c9f481131\"},\"breadcrumb\":{\"@id\":\"https:\\\/\\\/affderm.com\\\/superficial-radiation-therapy-for-the-treatment-of-nonmelanoma-skin-cancers\\\/#breadcrumb\"},\"inLanguage\":\"es\",\"potentialAction\":[{\"@type\":\"ReadAction\",\"target\":[\"https:\\\/\\\/affderm.com\\\/superficial-radiation-therapy-for-the-treatment-of-nonmelanoma-skin-cancers\\\/\"]}]},{\"@type\":\"ImageObject\",\"inLanguage\":\"es\",\"@id\":\"https:\\\/\\\/affderm.com\\\/superficial-radiation-therapy-for-the-treatment-of-nonmelanoma-skin-cancers\\\/#primaryimage\",\"url\":\"https:\\\/\\\/affderm.com\\\/wp-content\\\/uploads\\\/2022\\\/03\\\/affderm-2022-03-15T174550.345.png\",\"contentUrl\":\"https:\\\/\\\/affderm.com\\\/wp-content\\\/uploads\\\/2022\\\/03\\\/affderm-2022-03-15T174550.345.png\",\"width\":1200,\"height\":627},{\"@type\":\"BreadcrumbList\",\"@id\":\"https:\\\/\\\/affderm.com\\\/superficial-radiation-therapy-for-the-treatment-of-nonmelanoma-skin-cancers\\\/#breadcrumb\",\"itemListElement\":[{\"@type\":\"ListItem\",\"position\":1,\"name\":\"Home\",\"item\":\"https:\\\/\\\/affderm.com\\\/\"},{\"@type\":\"ListItem\",\"position\":2,\"name\":\"Superficial Radiation Therapy for the Treatment of\"}]},{\"@type\":\"WebSite\",\"@id\":\"https:\\\/\\\/affderm.com\\\/#website\",\"url\":\"https:\\\/\\\/affderm.com\\\/\",\"name\":\"Affiliated Dermatology\",\"description\":\"Experts in Skin Disease Treatment &amp; Prevention\",\"potentialAction\":[{\"@type\":\"SearchAction\",\"target\":{\"@type\":\"EntryPoint\",\"urlTemplate\":\"https:\\\/\\\/affderm.com\\\/?s={search_term_string}\"},\"query-input\":{\"@type\":\"PropertyValueSpecification\",\"valueRequired\":true,\"valueName\":\"search_term_string\"}}],\"inLanguage\":\"es\"},{\"@type\":\"Person\",\"@id\":\"https:\\\/\\\/affderm.com\\\/#\\\/schema\\\/person\\\/2c23376fe825a37257230a8c9f481131\",\"name\":\"adminaff\",\"sameAs\":[\"https:\\\/\\\/affderm.com\\\/affderm.com\"],\"url\":\"https:\\\/\\\/affderm.com\\\/es\\\/author\\\/adminaff\\\/\"}]}<\/script>\n<!-- \/ Yoast SEO plugin. -->","yoast_head_json":{"title":"Radioterapia superficial para el tratamiento de los c\u00e1nceres cut\u00e1neos no melanoma - Dermatolog\u00eda Afiliada","robots":{"index":"index","follow":"follow","max-snippet":"max-snippet:-1","max-image-preview":"max-image-preview:large","max-video-preview":"max-video-preview:-1"},"canonical":"https:\/\/affderm.com\/es\/radioterapia-superficial-para-el-tratamiento-de-los-canceres-de-piel-no-melanoma\/","og_locale":"es_MX","og_type":"article","og_title":"Superficial Radiation Therapy for the Treatment of Nonmelanoma Skin Cancers - Affiliated Dermatology","og_description":"By delivering a precise and calibrated dose of radiation that penetrates just below the skin\u2019s surface, Superficial Radiation Therapy safely [&hellip;]","og_url":"https:\/\/affderm.com\/es\/radioterapia-superficial-para-el-tratamiento-de-los-canceres-de-piel-no-melanoma\/","og_site_name":"Affiliated Dermatology","article_published_time":"2022-03-15T12:16:27+00:00","article_modified_time":"2024-05-24T18:51:28+00:00","og_image":[{"width":1200,"height":627,"url":"https:\/\/affderm.com\/wp-content\/uploads\/2022\/03\/affderm-2022-03-15T174550.345.png","type":"image\/png"}],"author":"adminaff","twitter_card":"summary_large_image","twitter_misc":{"Escrito por":"adminaff","Tiempo de lectura":"3 minutos"},"schema":{"@context":"https:\/\/schema.org","@graph":[{"@type":"Article","@id":"https:\/\/affderm.com\/superficial-radiation-therapy-for-the-treatment-of-nonmelanoma-skin-cancers\/#article","isPartOf":{"@id":"https:\/\/affderm.com\/superficial-radiation-therapy-for-the-treatment-of-nonmelanoma-skin-cancers\/"},"author":{"name":"adminaff","@id":"https:\/\/affderm.com\/#\/schema\/person\/2c23376fe825a37257230a8c9f481131"},"headline":"Superficial Radiation Therapy for the Treatment of Nonmelanoma Skin Cancers","datePublished":"2022-03-15T12:16:27+00:00","dateModified":"2024-05-24T18:51:28+00:00","mainEntityOfPage":{"@id":"https:\/\/affderm.com\/superficial-radiation-therapy-for-the-treatment-of-nonmelanoma-skin-cancers\/"},"wordCount":709,"image":{"@id":"https:\/\/affderm.com\/superficial-radiation-therapy-for-the-treatment-of-nonmelanoma-skin-cancers\/#primaryimage"},"thumbnailUrl":"https:\/\/affderm.com\/wp-content\/uploads\/2022\/03\/affderm-2022-03-15T174550.345.png","articleSection":["Medical Dermatology","Skin Cancer"],"inLanguage":"es"},{"@type":"WebPage","@id":"https:\/\/affderm.com\/superficial-radiation-therapy-for-the-treatment-of-nonmelanoma-skin-cancers\/","url":"https:\/\/affderm.com\/superficial-radiation-therapy-for-the-treatment-of-nonmelanoma-skin-cancers\/","name":"Radioterapia superficial para el tratamiento de los c\u00e1nceres cut\u00e1neos no melanoma - Dermatolog\u00eda Afiliada","isPartOf":{"@id":"https:\/\/affderm.com\/#website"},"primaryImageOfPage":{"@id":"https:\/\/affderm.com\/superficial-radiation-therapy-for-the-treatment-of-nonmelanoma-skin-cancers\/#primaryimage"},"image":{"@id":"https:\/\/affderm.com\/superficial-radiation-therapy-for-the-treatment-of-nonmelanoma-skin-cancers\/#primaryimage"},"thumbnailUrl":"https:\/\/affderm.com\/wp-content\/uploads\/2022\/03\/affderm-2022-03-15T174550.345.png","datePublished":"2022-03-15T12:16:27+00:00","dateModified":"2024-05-24T18:51:28+00:00","author":{"@id":"https:\/\/affderm.com\/#\/schema\/person\/2c23376fe825a37257230a8c9f481131"},"breadcrumb":{"@id":"https:\/\/affderm.com\/superficial-radiation-therapy-for-the-treatment-of-nonmelanoma-skin-cancers\/#breadcrumb"},"inLanguage":"es","potentialAction":[{"@type":"ReadAction","target":["https:\/\/affderm.com\/superficial-radiation-therapy-for-the-treatment-of-nonmelanoma-skin-cancers\/"]}]},{"@type":"ImageObject","inLanguage":"es","@id":"https:\/\/affderm.com\/superficial-radiation-therapy-for-the-treatment-of-nonmelanoma-skin-cancers\/#primaryimage","url":"https:\/\/affderm.com\/wp-content\/uploads\/2022\/03\/affderm-2022-03-15T174550.345.png","contentUrl":"https:\/\/affderm.com\/wp-content\/uploads\/2022\/03\/affderm-2022-03-15T174550.345.png","width":1200,"height":627},{"@type":"BreadcrumbList","@id":"https:\/\/affderm.com\/superficial-radiation-therapy-for-the-treatment-of-nonmelanoma-skin-cancers\/#breadcrumb","itemListElement":[{"@type":"ListItem","position":1,"name":"Home","item":"https:\/\/affderm.com\/"},{"@type":"ListItem","position":2,"name":"Superficial Radiation Therapy for the Treatment of"}]},{"@type":"WebSite","@id":"https:\/\/affderm.com\/#website","url":"https:\/\/affderm.com\/","name":"Dermatolog\u00eda afiliada","description":"Expertos en tratamiento y prevenci\u00f3n de enfermedades cut\u00e1neas","potentialAction":[{"@type":"SearchAction","target":{"@type":"EntryPoint","urlTemplate":"https:\/\/affderm.com\/?s={search_term_string}"},"query-input":{"@type":"PropertyValueSpecification","valueRequired":true,"valueName":"search_term_string"}}],"inLanguage":"es"},{"@type":"Person","@id":"https:\/\/affderm.com\/#\/schema\/person\/2c23376fe825a37257230a8c9f481131","name":"adminaff","sameAs":["https:\/\/affderm.com\/affderm.com"],"url":"https:\/\/affderm.com\/es\/author\/adminaff\/"}]}},"_links":{"self":[{"href":"https:\/\/affderm.com\/es\/wp-json\/wp\/v2\/posts\/2512","targetHints":{"allow":["GET"]}}],"collection":[{"href":"https:\/\/affderm.com\/es\/wp-json\/wp\/v2\/posts"}],"about":[{"href":"https:\/\/affderm.com\/es\/wp-json\/wp\/v2\/types\/post"}],"author":[{"embeddable":true,"href":"https:\/\/affderm.com\/es\/wp-json\/wp\/v2\/users\/1"}],"replies":[{"embeddable":true,"href":"https:\/\/affderm.com\/es\/wp-json\/wp\/v2\/comments?post=2512"}],"version-history":[{"count":0,"href":"https:\/\/affderm.com\/es\/wp-json\/wp\/v2\/posts\/2512\/revisions"}],"wp:featuredmedia":[{"embeddable":true,"href":"https:\/\/affderm.com\/es\/wp-json\/wp\/v2\/media\/2513"}],"wp:attachment":[{"href":"https:\/\/affderm.com\/es\/wp-json\/wp\/v2\/media?parent=2512"}],"wp:term":[{"taxonomy":"category","embeddable":true,"href":"https:\/\/affderm.com\/es\/wp-json\/wp\/v2\/categories?post=2512"},{"taxonomy":"post_tag","embeddable":true,"href":"https:\/\/affderm.com\/es\/wp-json\/wp\/v2\/tags?post=2512"}],"curies":[{"name":"wp","href":"https:\/\/api.w.org\/{rel}","templated":true}]}}