{"id":2537,"date":"2022-03-15T12:25:32","date_gmt":"2022-03-15T12:25:32","guid":{"rendered":"http:\/\/120.72.95.94:55147\/?p=2537"},"modified":"2024-05-24T11:50:15","modified_gmt":"2024-05-24T18:50:15","slug":"como-protegerse-de-los-principales-problemas-cutaneos-del-verano","status":"publish","type":"post","link":"https:\/\/affderm.com\/es\/how-to-protect-yourself-from-the-summers-biggest-skin-concerns\/","title":{"rendered":"C\u00f3mo protegerse de los principales problemas cut\u00e1neos del verano"},"content":{"rendered":"<div data-elementor-type=\"wp-post\" data-elementor-id=\"2537\" class=\"elementor elementor-2537\">\n\t\t\t\t\t\t<section class=\"elementor-section elementor-top-section elementor-element elementor-element-4fbbd18 elementor-section-boxed elementor-section-height-default elementor-section-height-default\" data-id=\"4fbbd18\" data-element_type=\"section\" data-e-type=\"section\">\n\t\t\t\t\t\t<div class=\"elementor-container elementor-column-gap-default\">\n\t\t\t\t\t<div class=\"elementor-column elementor-col-100 elementor-top-column elementor-element elementor-element-e9befc1\" data-id=\"e9befc1\" data-element_type=\"column\" data-e-type=\"column\">\n\t\t\t<div class=\"elementor-widget-wrap elementor-element-populated\">\n\t\t\t\t\t\t<div class=\"elementor-element elementor-element-257d965 elementor-widget elementor-widget-text-editor\" data-id=\"257d965\" data-element_type=\"widget\" data-e-type=\"widget\" data-widget_type=\"text-editor.default\">\n\t\t\t\t<div class=\"elementor-widget-container\">\n\t\t\t\t\t\t\t\t\t<p><strong>El verano ya est\u00e1 aqu\u00ed, y eso significa que debemos cuidar nuestra piel.\u00a0<span class=\"Enhancement\"><span class=\"Enhancement-item\"><a class=\"Link\" href=\"https:\/\/affderm.com\/es\/2019\/05\/25\/sunburn-causes-symptoms-and-treatment-2\/\">Quemaduras solares<\/a><\/span>\u00a0<\/span>son uno de los mayores problemas de la piel en Arizona, pero \u00bfcu\u00e1les son otros comunes? La mayor\u00eda de la poblaci\u00f3n padece eczema, psoriasis y erupciones cut\u00e1neas.\u00a0<\/strong><span id=\"more-4680\"><\/span><b><\/b>Los meses de verano son para divertirse bajo el sol, pero el clima m\u00e1s c\u00e1lido tambi\u00e9n trae una variedad de diferentes erupciones o problemas de la piel. El Dr. Andrew Newman junto con Susan Casper de Sonoran Living discuten soluciones a los mayores problemas de la piel del verano como eczema, psoriasis, picaz\u00f3n del nadador, e incluso erupci\u00f3n margarita.<\/p>\t\t\t\t\t\t\t\t<\/div>\n\t\t\t\t<\/div>\n\t\t\t\t<div class=\"elementor-element elementor-element-120c1cf elementor-widget__width-initial elementor-widget elementor-widget-video\" data-id=\"120c1cf\" data-element_type=\"widget\" data-e-type=\"widget\" data-settings=\"{&quot;youtube_url&quot;:&quot;https:\\\/\\\/www.youtube.com\\\/watch?v=KRZswfj0Af8&quot;,&quot;video_type&quot;:&quot;youtube&quot;,&quot;controls&quot;:&quot;yes&quot;}\" data-widget_type=\"video.default\">\n\t\t\t\t<div class=\"elementor-widget-container\">\n\t\t\t\t\t\t\t<div class=\"elementor-wrapper elementor-open-inline\">\n\t\t\t<div class=\"elementor-video\"><\/div>\t\t<\/div>\n\t\t\t\t\t\t<\/div>\n\t\t\t\t<\/div>\n\t\t\t\t<div class=\"elementor-element elementor-element-02f9e9a elementor-widget elementor-widget-text-editor\" data-id=\"02f9e9a\" data-element_type=\"widget\" data-e-type=\"widget\" data-widget_type=\"text-editor.default\">\n\t\t\t\t<div class=\"elementor-widget-container\">\n\t\t\t\t\t\t\t\t\t<h3><b>\u00bfQu\u00e9 es el eccema?<\/b><\/h3><p><span class=\"Enhancement\"><span class=\"Enhancement-item\"><a class=\"Link\" href=\"https:\/\/affderm.com\/es\/servicios\/dermatologia-medica\/eczema\/\">Eczema<\/a><\/span>\u00a0<\/span>afecta a entre 10% y 20% de los lactantes y a alrededor del 3% de los adultos y ni\u00f1os de EE.UU. La mayor\u00eda de los lactantes que desarrollan la enfermedad la superan antes de cumplir los diez a\u00f1os, mientras que algunas personas siguen teniendo s\u00edntomas de forma intermitente durante toda la vida. Con un tratamiento adecuado, la enfermedad suele ser controlable.<\/p>\t\t\t\t\t\t\t\t<\/div>\n\t\t\t\t<\/div>\n\t\t\t\t<div class=\"elementor-element elementor-element-2580586 elementor-widget elementor-widget-image\" data-id=\"2580586\" data-element_type=\"widget\" data-e-type=\"widget\" data-widget_type=\"image.default\">\n\t\t\t\t<div class=\"elementor-widget-container\">\n\t\t\t\t\t\t\t\t\t\t\t\t\t\t\t<img fetchpriority=\"high\" decoding=\"async\" width=\"800\" height=\"533\" src=\"https:\/\/affderm.com\/wp-content\/uploads\/2022\/03\/affderm-2022-03-15T175635.413-1200x800.png\" class=\"attachment-large size-large wp-image-2542\" alt=\"\" srcset=\"https:\/\/affderm.com\/wp-content\/uploads\/2022\/03\/affderm-2022-03-15T175635.413-1200x800.png 1200w, https:\/\/affderm.com\/wp-content\/uploads\/2022\/03\/affderm-2022-03-15T175635.413-800x533.png 800w, https:\/\/affderm.com\/wp-content\/uploads\/2022\/03\/affderm-2022-03-15T175635.413-768x512.png 768w, https:\/\/affderm.com\/wp-content\/uploads\/2022\/03\/affderm-2022-03-15T175635.413-1536x1024.png 1536w, https:\/\/affderm.com\/wp-content\/uploads\/2022\/03\/affderm-2022-03-15T175635.413-2048x1365.png 2048w\" sizes=\"(max-width: 800px) 100vw, 800px\" \/>\t\t\t\t\t\t\t\t\t\t\t\t\t\t\t<\/div>\n\t\t\t\t<\/div>\n\t\t\t\t<div class=\"elementor-element elementor-element-2ce317d elementor-widget elementor-widget-text-editor\" data-id=\"2ce317d\" data-element_type=\"widget\" data-e-type=\"widget\" data-widget_type=\"text-editor.default\">\n\t\t\t\t<div class=\"elementor-widget-container\">\n\t\t\t\t\t\t\t\t\t<p>El eccema suele aparecer durante la infancia y se sabe que es una enfermedad hereditaria. Suele aparecer como una erupci\u00f3n en los brazos y detr\u00e1s de las rodillas, pero puede aparecer en cualquier parte del cuerpo, incluida la cara. El eccema es un t\u00e9rmino que engloba un grupo de afecciones m\u00e9dicas que provocan la inflamaci\u00f3n o irritaci\u00f3n de la piel.<\/p><p>El tipo m\u00e1s com\u00fan de eczema se conoce como\u00a0<span class=\"Enhancement\"><span class=\"Enhancement-item\"><a class=\"Link\" href=\"https:\/\/affderm.com\/es\/servicios\/dermatologia-medica\/sarpullidos\/or\/\">dermatitis at\u00f3pica\u00a0<\/a><\/span><\/span>eczema at\u00f3pico. El t\u00e9rmino at\u00f3pico hace referencia a un grupo de enfermedades con una tendencia a menudo hereditaria a desarrollar otras afecciones al\u00e9rgicas, como el asma y la fiebre del heno.<\/p><h3><b>\u00bfQu\u00e9 es la psoriasis?<\/b><\/h3><p><span class=\"Enhancement\"><span class=\"Enhancement-item\"><a class=\"Link\" href=\"https:\/\/affderm.com\/es\/servicios\/dermatologia-medica\/psoriasis\/\">Psoriasis<\/a><\/span>\u00a0<\/span>es un trastorno cr\u00f3nico de la piel caracterizado por lesiones elevadas con escamas plateadas que suelen aparecer en el cuero cabelludo, los codos, las rodillas y la parte baja de la espalda. Puede variar desde una erupci\u00f3n muy leve, apenas perceptible, hasta una erupci\u00f3n grave que cubre amplias zonas del cuerpo. En algunos pacientes, la psoriasis provoca cambios en las u\u00f1as y dolor en las articulaciones (artritis psori\u00e1sica).<\/p>\t\t\t\t\t\t\t\t<\/div>\n\t\t\t\t<\/div>\n\t\t\t\t<div class=\"elementor-element elementor-element-06e5f55 elementor-widget elementor-widget-image\" data-id=\"06e5f55\" data-element_type=\"widget\" data-e-type=\"widget\" data-widget_type=\"image.default\">\n\t\t\t\t<div class=\"elementor-widget-container\">\n\t\t\t\t\t\t\t\t\t\t\t\t\t\t\t<img decoding=\"async\" width=\"800\" height=\"568\" src=\"https:\/\/affderm.com\/wp-content\/uploads\/2022\/03\/affderm-2022-03-15T175637.954-1200x852.png\" class=\"attachment-large size-large wp-image-2541\" alt=\"\" srcset=\"https:\/\/affderm.com\/wp-content\/uploads\/2022\/03\/affderm-2022-03-15T175637.954-1200x852.png 1200w, https:\/\/affderm.com\/wp-content\/uploads\/2022\/03\/affderm-2022-03-15T175637.954-800x568.png 800w, https:\/\/affderm.com\/wp-content\/uploads\/2022\/03\/affderm-2022-03-15T175637.954-768x545.png 768w, https:\/\/affderm.com\/wp-content\/uploads\/2022\/03\/affderm-2022-03-15T175637.954-1536x1091.png 1536w, https:\/\/affderm.com\/wp-content\/uploads\/2022\/03\/affderm-2022-03-15T175637.954-2048x1455.png 2048w\" sizes=\"(max-width: 800px) 100vw, 800px\" \/>\t\t\t\t\t\t\t\t\t\t\t\t\t\t\t<\/div>\n\t\t\t\t<\/div>\n\t\t\t\t<div class=\"elementor-element elementor-element-ecca0dc elementor-widget elementor-widget-text-editor\" data-id=\"ecca0dc\" data-element_type=\"widget\" data-e-type=\"widget\" data-widget_type=\"text-editor.default\">\n\t\t\t\t<div class=\"elementor-widget-container\">\n\t\t\t\t\t\t\t\t\t<p><span class=\"Enhancement\"><span class=\"Enhancement-item\"><a class=\"Link\" href=\"https:\/\/www.psoriasis.org\/about-psoriasis\">Psoriasis<\/a><\/span>\u00a0<\/span>afecta al 2% de las personas\u00a0<span class=\"skimlinks-unlinked\"><a href=\"https:\/\/www.psoriasis.org\/about-psoriasis\" rel=\"nofollow\">https:\/\/www.psoriasis.org\/about-psoriasis<\/a><\/span>\u00a0y no es contagiosa, pero puede ser hereditaria. El primer episodio suele aparecer entre los 15 y los 35 a\u00f1os. Se trata de una enfermedad cr\u00f3nica que sufrir\u00e1 reagudizaciones y remisiones durante el resto de la vida del paciente.<\/p><h3><strong>\u00bfCu\u00e1les son los\u00a0<span class=\"Enhancement\"><span class=\"Enhancement-item\"><a class=\"Link\" href=\"https:\/\/affderm.com\/es\/servicios\/dermatologia-medica\/sarpullidos\/in\/\">erupciones comunes en<\/a><\/span>\u00a0<\/span>\u00bfel verano?<\/strong><\/h3><p><span class=\"Enhancement\"><span class=\"Enhancement-item\"><a class=\"Link\" href=\"https:\/\/www.cdc.gov\/parasites\/swimmersitch\/faqs.html\">Picor de nadador<\/a><\/span>\u00a0<\/span>sarpullido por calor y\u00a0<span class=\"Enhancement\"><span class=\"Enhancement-item\"><a class=\"Link\" href=\"https:\/\/affderm.com\/es\/2019\/05\/05\/que-es-el-sarpullido-margarita\/\">sarpullido margarita<\/a><\/span>\u00a0<\/span>son algunas de las preocupaciones cut\u00e1neas m\u00e1s comunes en la\u00a0<span class=\"Enhancement\"><span class=\"Enhancement-item\"><a class=\"Link\" href=\"https:\/\/affderm.com\/es\/2019\/06\/17\/como-tratar-los-problemas-habituales-de-la-piel-en-verano\/\">verano.<\/a><\/span>\u00a0<\/span>El prurito del nadador es una erupci\u00f3n cut\u00e1nea que aparece despu\u00e9s de nadar o vadear lagos, estanques y oc\u00e9anos. Est\u00e1 causada por una reacci\u00f3n al\u00e9rgica a par\u00e1sitos que se introducen en la piel. Aunque el prurito del nadador es inc\u00f3modo, suele desaparecer por s\u00ed solo. Puedes prevenirlo:<\/p><ul><li>Evite las aguas infestadas. Busque las se\u00f1ales de advertencia que puedan estar colocadas en la zona y preste atenci\u00f3n a lo que otros ba\u00f1istas han o\u00eddo y experimentado.<\/li><li>Acl\u00e1rese inmediatamente despu\u00e9s de nadar con agua limpia. A continuaci\u00f3n, s\u00e9cate la piel en\u00e9rgicamente. Los par\u00e1sitos empiezan a excavar cuando ya no est\u00e1s en el agua y el agua de tu piel empieza a evaporarse.<\/li><li>Aplicar crema solar resistente al agua para proteger la piel de los par\u00e1sitos<br \/>Las gl\u00e1ndulas sudor\u00edparas obstruidas pueden acumularse bajo la piel y causar peque\u00f1os granitos o ampollas que pican.\u00a0<span class=\"Enhancement\"><span class=\"Enhancement-item\"><a class=\"Link\" href=\"https:\/\/www.aad.org\/public\/skin-hair-nails\/skin-care\/summer-skin-problems\">Erupci\u00f3n por calor\u00a0<\/a><\/span><\/span>suele desaparecer al cabo de unos d\u00edas, pero si sudas menos, puedes reducir las probabilidades de contraerla.<\/li><li>Lleve ropa de algod\u00f3n ligera y holgada.<\/li><li>Si trabajas al aire libre, busca las horas m\u00e1s frescas del d\u00eda.<\/li><\/ul><p>El llamado\u00a0<span class=\"Enhancement\"><span class=\"Enhancement-item\"><a class=\"Link\" href=\"https:\/\/affderm.com\/es\/2019\/05\/05\/que-es-el-sarpullido-margarita\/\">sarpullido margarita<\/a><\/span>\u00a0<\/span>es una afecci\u00f3n cut\u00e1nea que puede producirse cuando un compuesto qu\u00edmico que se encuentra en las limas interact\u00faa con la luz solar. La erupci\u00f3n puede causar cicatrices, pero es poco frecuente. La erupci\u00f3n que se desarrolla pica bastante al principio y luego puede irritarse y doler, pudiendo volverse de un rojo oscuro en la piel. Evite esta erupci\u00f3n mezclando cuidadosamente las bebidas al aire libre y evitando manipular c\u00edtricos antes de ir a la piscina.<\/p>\t\t\t\t\t\t\t\t<\/div>\n\t\t\t\t<\/div>\n\t\t\t\t<div class=\"elementor-element elementor-element-948e8ea elementor-widget elementor-widget-image\" data-id=\"948e8ea\" data-element_type=\"widget\" data-e-type=\"widget\" data-widget_type=\"image.default\">\n\t\t\t\t<div class=\"elementor-widget-container\">\n\t\t\t\t\t\t\t\t\t\t\t\t<figure class=\"wp-caption\">\n\t\t\t\t\t\t\t\t\t\t<img decoding=\"async\" width=\"778\" height=\"504\" src=\"https:\/\/affderm.com\/wp-content\/uploads\/2022\/03\/affderm-2022-03-15T175640.346.png\" class=\"attachment-large size-large wp-image-2540\" alt=\"\" srcset=\"https:\/\/affderm.com\/wp-content\/uploads\/2022\/03\/affderm-2022-03-15T175640.346.png 778w, https:\/\/affderm.com\/wp-content\/uploads\/2022\/03\/affderm-2022-03-15T175640.346-768x498.png 768w\" sizes=\"(max-width: 778px) 100vw, 778px\" \/>\t\t\t\t\t\t\t\t\t\t\t<figcaption class=\"widget-image-caption wp-caption-text\">Miliaria Rubra (sarpullido por calor)<\/figcaption>\n\t\t\t\t\t\t\t\t\t\t<\/figure>\n\t\t\t\t\t\t\t\t\t<\/div>\n\t\t\t\t<\/div>\n\t\t\t\t<div class=\"elementor-element elementor-element-0a65d9a elementor-widget elementor-widget-text-editor\" data-id=\"0a65d9a\" data-element_type=\"widget\" data-e-type=\"widget\" data-widget_type=\"text-editor.default\">\n\t\t\t\t<div class=\"elementor-widget-container\">\n\t\t\t\t\t\t\t\t\t<p>No olvides que la piel es el \u00f3rgano m\u00e1s importante de tu cuerpo, por lo que debemos cuidarla. Mantente hidratado, \u00a1y no olvides el FPS!<\/p><p><strong>\u00a1Estamos ofreciendo 15% de descuento en varios de nuestros productos en nuestros dispensarios para mantener su sensaci\u00f3n de la piel y mirando tan saludable como puede ser! Si usted tiene alguna preocupaci\u00f3n de la piel o preguntas, llame a Affiliated Dermatology al (602) 775-5025 para reservar una cita o solicitar un\u00a0<span class=\"Enhancement\"><span class=\"Enhancement-item\"><a class=\"Link\" href=\"https:\/\/affderm.com\/es\/contacto\/\">cita en l\u00ednea.<\/a><\/span><\/span><\/strong><\/p>\t\t\t\t\t\t\t\t<\/div>\n\t\t\t\t<\/div>\n\t\t\t\t\t<\/div>\n\t\t<\/div>\n\t\t\t\t\t<\/div>\n\t\t<\/section>\n\t\t\t\t<\/div>","protected":false},"excerpt":{"rendered":"<p>Summer is here, and that means we must take care of our skin.\u00a0Sunburns\u00a0are one of the biggest skin issues in [&hellip;]<\/p>\n","protected":false},"author":1,"featured_media":2538,"comment_status":"closed","ping_status":"closed","sticky":false,"template":"","format":"standard","meta":{"_acf_changed":false,"footnotes":""},"categories":[21],"tags":[],"class_list":["post-2537","post","type-post","status-publish","format-standard","has-post-thumbnail","hentry","category-skin-care"],"acf":[],"yoast_head":"<!-- This site is optimized with the Yoast SEO plugin v27.5 - https:\/\/yoast.com\/product\/yoast-seo-wordpress\/ -->\n<title>How to Protect Yourself from the Summer\u2019s Biggest Skin Concerns - Affiliated Dermatology<\/title>\n<meta name=\"robots\" content=\"index, follow, max-snippet:-1, max-image-preview:large, max-video-preview:-1\" \/>\n<link rel=\"canonical\" href=\"https:\/\/affderm.com\/es\/como-protegerse-de-los-principales-problemas-cutaneos-del-verano\/\" \/>\n<meta property=\"og:locale\" content=\"es_MX\" \/>\n<meta property=\"og:type\" content=\"article\" \/>\n<meta property=\"og:title\" content=\"How to Protect Yourself from the Summer\u2019s Biggest Skin Concerns - Affiliated Dermatology\" \/>\n<meta property=\"og:description\" content=\"Summer is here, and that means we must take care of our skin.\u00a0Sunburns\u00a0are one of the biggest skin issues in [&hellip;]\" \/>\n<meta property=\"og:url\" content=\"https:\/\/affderm.com\/es\/como-protegerse-de-los-principales-problemas-cutaneos-del-verano\/\" \/>\n<meta property=\"og:site_name\" content=\"Affiliated Dermatology\" \/>\n<meta property=\"article:published_time\" content=\"2022-03-15T12:25:32+00:00\" \/>\n<meta property=\"article:modified_time\" content=\"2024-05-24T18:50:15+00:00\" \/>\n<meta property=\"og:image\" content=\"https:\/\/affderm.com\/wp-content\/uploads\/2022\/03\/affderm-2022-03-15T175510.765.png\" \/>\n\t<meta property=\"og:image:width\" content=\"1200\" \/>\n\t<meta property=\"og:image:height\" content=\"627\" \/>\n\t<meta property=\"og:image:type\" content=\"image\/png\" \/>\n<meta name=\"author\" content=\"adminaff\" \/>\n<meta name=\"twitter:card\" content=\"summary_large_image\" \/>\n<meta name=\"twitter:label1\" content=\"Escrito por\" \/>\n\t<meta name=\"twitter:data1\" content=\"adminaff\" \/>\n\t<meta name=\"twitter:label2\" content=\"Tiempo de lectura\" \/>\n\t<meta name=\"twitter:data2\" content=\"4 minutos\" \/>\n<script type=\"application\/ld+json\" class=\"yoast-schema-graph\">{\"@context\":\"https:\\\/\\\/schema.org\",\"@graph\":[{\"@type\":\"Article\",\"@id\":\"https:\\\/\\\/affderm.com\\\/how-to-protect-yourself-from-the-summers-biggest-skin-concerns\\\/#article\",\"isPartOf\":{\"@id\":\"https:\\\/\\\/affderm.com\\\/how-to-protect-yourself-from-the-summers-biggest-skin-concerns\\\/\"},\"author\":{\"name\":\"adminaff\",\"@id\":\"https:\\\/\\\/affderm.com\\\/#\\\/schema\\\/person\\\/2c23376fe825a37257230a8c9f481131\"},\"headline\":\"How to Protect Yourself from the Summer\u2019s Biggest Skin Concerns\",\"datePublished\":\"2022-03-15T12:25:32+00:00\",\"dateModified\":\"2024-05-24T18:50:15+00:00\",\"mainEntityOfPage\":{\"@id\":\"https:\\\/\\\/affderm.com\\\/how-to-protect-yourself-from-the-summers-biggest-skin-concerns\\\/\"},\"wordCount\":720,\"image\":{\"@id\":\"https:\\\/\\\/affderm.com\\\/how-to-protect-yourself-from-the-summers-biggest-skin-concerns\\\/#primaryimage\"},\"thumbnailUrl\":\"https:\\\/\\\/affderm.com\\\/wp-content\\\/uploads\\\/2022\\\/03\\\/affderm-2022-03-15T175510.765.png\",\"articleSection\":[\"Skin Care\"],\"inLanguage\":\"es\"},{\"@type\":\"WebPage\",\"@id\":\"https:\\\/\\\/affderm.com\\\/how-to-protect-yourself-from-the-summers-biggest-skin-concerns\\\/\",\"url\":\"https:\\\/\\\/affderm.com\\\/how-to-protect-yourself-from-the-summers-biggest-skin-concerns\\\/\",\"name\":\"How to Protect Yourself from the Summer\u2019s Biggest Skin Concerns - Affiliated Dermatology\",\"isPartOf\":{\"@id\":\"https:\\\/\\\/affderm.com\\\/#website\"},\"primaryImageOfPage\":{\"@id\":\"https:\\\/\\\/affderm.com\\\/how-to-protect-yourself-from-the-summers-biggest-skin-concerns\\\/#primaryimage\"},\"image\":{\"@id\":\"https:\\\/\\\/affderm.com\\\/how-to-protect-yourself-from-the-summers-biggest-skin-concerns\\\/#primaryimage\"},\"thumbnailUrl\":\"https:\\\/\\\/affderm.com\\\/wp-content\\\/uploads\\\/2022\\\/03\\\/affderm-2022-03-15T175510.765.png\",\"datePublished\":\"2022-03-15T12:25:32+00:00\",\"dateModified\":\"2024-05-24T18:50:15+00:00\",\"author\":{\"@id\":\"https:\\\/\\\/affderm.com\\\/#\\\/schema\\\/person\\\/2c23376fe825a37257230a8c9f481131\"},\"breadcrumb\":{\"@id\":\"https:\\\/\\\/affderm.com\\\/how-to-protect-yourself-from-the-summers-biggest-skin-concerns\\\/#breadcrumb\"},\"inLanguage\":\"es\",\"potentialAction\":[{\"@type\":\"ReadAction\",\"target\":[\"https:\\\/\\\/affderm.com\\\/how-to-protect-yourself-from-the-summers-biggest-skin-concerns\\\/\"]}]},{\"@type\":\"ImageObject\",\"inLanguage\":\"es\",\"@id\":\"https:\\\/\\\/affderm.com\\\/how-to-protect-yourself-from-the-summers-biggest-skin-concerns\\\/#primaryimage\",\"url\":\"https:\\\/\\\/affderm.com\\\/wp-content\\\/uploads\\\/2022\\\/03\\\/affderm-2022-03-15T175510.765.png\",\"contentUrl\":\"https:\\\/\\\/affderm.com\\\/wp-content\\\/uploads\\\/2022\\\/03\\\/affderm-2022-03-15T175510.765.png\",\"width\":1200,\"height\":627},{\"@type\":\"BreadcrumbList\",\"@id\":\"https:\\\/\\\/affderm.com\\\/how-to-protect-yourself-from-the-summers-biggest-skin-concerns\\\/#breadcrumb\",\"itemListElement\":[{\"@type\":\"ListItem\",\"position\":1,\"name\":\"Home\",\"item\":\"https:\\\/\\\/affderm.com\\\/\"},{\"@type\":\"ListItem\",\"position\":2,\"name\":\"How to Protect Yourself from the Summer\u2019s Bigges\"}]},{\"@type\":\"WebSite\",\"@id\":\"https:\\\/\\\/affderm.com\\\/#website\",\"url\":\"https:\\\/\\\/affderm.com\\\/\",\"name\":\"Affiliated Dermatology\",\"description\":\"Experts in Skin Disease Treatment &amp; Prevention\",\"potentialAction\":[{\"@type\":\"SearchAction\",\"target\":{\"@type\":\"EntryPoint\",\"urlTemplate\":\"https:\\\/\\\/affderm.com\\\/?s={search_term_string}\"},\"query-input\":{\"@type\":\"PropertyValueSpecification\",\"valueRequired\":true,\"valueName\":\"search_term_string\"}}],\"inLanguage\":\"es\"},{\"@type\":\"Person\",\"@id\":\"https:\\\/\\\/affderm.com\\\/#\\\/schema\\\/person\\\/2c23376fe825a37257230a8c9f481131\",\"name\":\"adminaff\",\"sameAs\":[\"https:\\\/\\\/affderm.com\\\/affderm.com\"],\"url\":\"https:\\\/\\\/affderm.com\\\/es\\\/author\\\/adminaff\\\/\"}]}<\/script>\n<!-- \/ Yoast SEO plugin. -->","yoast_head_json":{"title":"C\u00f3mo protegerse de los principales problemas cut\u00e1neos del verano - Affiliated Dermatology","robots":{"index":"index","follow":"follow","max-snippet":"max-snippet:-1","max-image-preview":"max-image-preview:large","max-video-preview":"max-video-preview:-1"},"canonical":"https:\/\/affderm.com\/es\/como-protegerse-de-los-principales-problemas-cutaneos-del-verano\/","og_locale":"es_MX","og_type":"article","og_title":"How to Protect Yourself from the Summer\u2019s Biggest Skin Concerns - Affiliated Dermatology","og_description":"Summer is here, and that means we must take care of our skin.\u00a0Sunburns\u00a0are one of the biggest skin issues in [&hellip;]","og_url":"https:\/\/affderm.com\/es\/como-protegerse-de-los-principales-problemas-cutaneos-del-verano\/","og_site_name":"Affiliated Dermatology","article_published_time":"2022-03-15T12:25:32+00:00","article_modified_time":"2024-05-24T18:50:15+00:00","og_image":[{"width":1200,"height":627,"url":"https:\/\/affderm.com\/wp-content\/uploads\/2022\/03\/affderm-2022-03-15T175510.765.png","type":"image\/png"}],"author":"adminaff","twitter_card":"summary_large_image","twitter_misc":{"Escrito por":"adminaff","Tiempo de lectura":"4 minutos"},"schema":{"@context":"https:\/\/schema.org","@graph":[{"@type":"Article","@id":"https:\/\/affderm.com\/how-to-protect-yourself-from-the-summers-biggest-skin-concerns\/#article","isPartOf":{"@id":"https:\/\/affderm.com\/how-to-protect-yourself-from-the-summers-biggest-skin-concerns\/"},"author":{"name":"adminaff","@id":"https:\/\/affderm.com\/#\/schema\/person\/2c23376fe825a37257230a8c9f481131"},"headline":"How to Protect Yourself from the Summer\u2019s Biggest Skin Concerns","datePublished":"2022-03-15T12:25:32+00:00","dateModified":"2024-05-24T18:50:15+00:00","mainEntityOfPage":{"@id":"https:\/\/affderm.com\/how-to-protect-yourself-from-the-summers-biggest-skin-concerns\/"},"wordCount":720,"image":{"@id":"https:\/\/affderm.com\/how-to-protect-yourself-from-the-summers-biggest-skin-concerns\/#primaryimage"},"thumbnailUrl":"https:\/\/affderm.com\/wp-content\/uploads\/2022\/03\/affderm-2022-03-15T175510.765.png","articleSection":["Skin Care"],"inLanguage":"es"},{"@type":"WebPage","@id":"https:\/\/affderm.com\/how-to-protect-yourself-from-the-summers-biggest-skin-concerns\/","url":"https:\/\/affderm.com\/how-to-protect-yourself-from-the-summers-biggest-skin-concerns\/","name":"C\u00f3mo protegerse de los principales problemas cut\u00e1neos del verano - Affiliated Dermatology","isPartOf":{"@id":"https:\/\/affderm.com\/#website"},"primaryImageOfPage":{"@id":"https:\/\/affderm.com\/how-to-protect-yourself-from-the-summers-biggest-skin-concerns\/#primaryimage"},"image":{"@id":"https:\/\/affderm.com\/how-to-protect-yourself-from-the-summers-biggest-skin-concerns\/#primaryimage"},"thumbnailUrl":"https:\/\/affderm.com\/wp-content\/uploads\/2022\/03\/affderm-2022-03-15T175510.765.png","datePublished":"2022-03-15T12:25:32+00:00","dateModified":"2024-05-24T18:50:15+00:00","author":{"@id":"https:\/\/affderm.com\/#\/schema\/person\/2c23376fe825a37257230a8c9f481131"},"breadcrumb":{"@id":"https:\/\/affderm.com\/how-to-protect-yourself-from-the-summers-biggest-skin-concerns\/#breadcrumb"},"inLanguage":"es","potentialAction":[{"@type":"ReadAction","target":["https:\/\/affderm.com\/how-to-protect-yourself-from-the-summers-biggest-skin-concerns\/"]}]},{"@type":"ImageObject","inLanguage":"es","@id":"https:\/\/affderm.com\/how-to-protect-yourself-from-the-summers-biggest-skin-concerns\/#primaryimage","url":"https:\/\/affderm.com\/wp-content\/uploads\/2022\/03\/affderm-2022-03-15T175510.765.png","contentUrl":"https:\/\/affderm.com\/wp-content\/uploads\/2022\/03\/affderm-2022-03-15T175510.765.png","width":1200,"height":627},{"@type":"BreadcrumbList","@id":"https:\/\/affderm.com\/how-to-protect-yourself-from-the-summers-biggest-skin-concerns\/#breadcrumb","itemListElement":[{"@type":"ListItem","position":1,"name":"Home","item":"https:\/\/affderm.com\/"},{"@type":"ListItem","position":2,"name":"How to Protect Yourself from the Summer\u2019s Bigges"}]},{"@type":"WebSite","@id":"https:\/\/affderm.com\/#website","url":"https:\/\/affderm.com\/","name":"Dermatolog\u00eda afiliada","description":"Expertos en tratamiento y prevenci\u00f3n de enfermedades cut\u00e1neas","potentialAction":[{"@type":"SearchAction","target":{"@type":"EntryPoint","urlTemplate":"https:\/\/affderm.com\/?s={search_term_string}"},"query-input":{"@type":"PropertyValueSpecification","valueRequired":true,"valueName":"search_term_string"}}],"inLanguage":"es"},{"@type":"Person","@id":"https:\/\/affderm.com\/#\/schema\/person\/2c23376fe825a37257230a8c9f481131","name":"adminaff","sameAs":["https:\/\/affderm.com\/affderm.com"],"url":"https:\/\/affderm.com\/es\/author\/adminaff\/"}]}},"_links":{"self":[{"href":"https:\/\/affderm.com\/es\/wp-json\/wp\/v2\/posts\/2537","targetHints":{"allow":["GET"]}}],"collection":[{"href":"https:\/\/affderm.com\/es\/wp-json\/wp\/v2\/posts"}],"about":[{"href":"https:\/\/affderm.com\/es\/wp-json\/wp\/v2\/types\/post"}],"author":[{"embeddable":true,"href":"https:\/\/affderm.com\/es\/wp-json\/wp\/v2\/users\/1"}],"replies":[{"embeddable":true,"href":"https:\/\/affderm.com\/es\/wp-json\/wp\/v2\/comments?post=2537"}],"version-history":[{"count":0,"href":"https:\/\/affderm.com\/es\/wp-json\/wp\/v2\/posts\/2537\/revisions"}],"wp:featuredmedia":[{"embeddable":true,"href":"https:\/\/affderm.com\/es\/wp-json\/wp\/v2\/media\/2538"}],"wp:attachment":[{"href":"https:\/\/affderm.com\/es\/wp-json\/wp\/v2\/media?parent=2537"}],"wp:term":[{"taxonomy":"category","embeddable":true,"href":"https:\/\/affderm.com\/es\/wp-json\/wp\/v2\/categories?post=2537"},{"taxonomy":"post_tag","embeddable":true,"href":"https:\/\/affderm.com\/es\/wp-json\/wp\/v2\/tags?post=2537"}],"curies":[{"name":"wp","href":"https:\/\/api.w.org\/{rel}","templated":true}]}}