{"id":2597,"date":"2022-03-15T13:03:09","date_gmt":"2022-03-15T13:03:09","guid":{"rendered":"http:\/\/120.72.95.94:55147\/?p=2597"},"modified":"2024-05-24T11:49:08","modified_gmt":"2024-05-24T18:49:08","slug":"llegar-a-la-raiz-de-la-caida-del-cabello-como-las-colas-de-caballo-el-estres-y-la-medicina-dano","status":"publish","type":"post","link":"https:\/\/affderm.com\/es\/getting-to-the-root-of-hair-loss-how-ponytails-stress-and-medicine-hurt\/","title":{"rendered":"Las causas de la ca\u00edda del cabello: c\u00f3mo las colas de caballo, el estr\u00e9s y los medicamentos pueden ser perjudiciales"},"content":{"rendered":"<div data-elementor-type=\"wp-post\" data-elementor-id=\"2597\" class=\"elementor elementor-2597\">\n\t\t\t\t\t\t<section class=\"elementor-section elementor-top-section elementor-element elementor-element-8d7c0b9 elementor-section-boxed elementor-section-height-default elementor-section-height-default\" data-id=\"8d7c0b9\" data-element_type=\"section\" data-e-type=\"section\">\n\t\t\t\t\t\t<div class=\"elementor-container elementor-column-gap-default\">\n\t\t\t\t\t<div class=\"elementor-column elementor-col-100 elementor-top-column elementor-element elementor-element-0ecdd79\" data-id=\"0ecdd79\" data-element_type=\"column\" data-e-type=\"column\">\n\t\t\t<div class=\"elementor-widget-wrap elementor-element-populated\">\n\t\t\t\t\t\t<div class=\"elementor-element elementor-element-d59ca7c elementor-widget elementor-widget-text-editor\" data-id=\"d59ca7c\" data-element_type=\"widget\" data-e-type=\"widget\" data-widget_type=\"text-editor.default\">\n\t\t\t\t<div class=\"elementor-widget-container\">\n\t\t\t\t\t\t\t\t\t<strong>Perdemos pelo todos los d\u00edas, pero \u00bfsabe cu\u00e1l es la diferencia entre la ca\u00edda y la p\u00e9rdida del cabello? En reconocimiento del Mes de Concienciaci\u00f3n sobre la Ca\u00edda del Cabello este agosto, los expertos de Affiliated Dermatology comparten informaci\u00f3n sobre la diferencia y c\u00f3mo prevenir el da\u00f1o capilar.\u00a0<\/strong><span id=\"more-4780\"><\/span>\n<h3><strong>Muda del cabello vs. Ca\u00edda del cabello<\/strong><\/h3>\nEs normal perder entre 50 y 100 mechones de pelo al d\u00eda. Dado que el cuero cabelludo de cada persona tiene 100.000 fol\u00edculos pilosos (o m\u00e1s), perder 100 mechones al d\u00eda no afecta realmente al aspecto, porque la mayor\u00eda de los mechones est\u00e1n en fase de crecimiento.\n<h3><strong>Razones por las que la gente tiene una muda excesiva:<\/strong><\/h3>\n<ul>\n \t<li>Experimentar estr\u00e9s<\/li>\n \t<li>P\u00e9rdida importante de peso o parto<\/li>\n \t<li>Recuperarse de una enfermedad, especialmente de una fiebre alta<\/li>\n \t<li>Dej\u00f3 de tomar p\u00edldoras anticonceptivas<\/li>\n<\/ul>\nA medida que el cuerpo se adapta, la ca\u00edda disminuye y el cabello recupera su volumen normal o casi normal.\n<h3><strong>Razones por las que se cae el pelo:<\/strong><\/h3>\n<ul>\n \t<li>Hereditaria (la m\u00e1s com\u00fan)<\/li>\n \t<li>Reacci\u00f3n a medicamentos y tratamientos con receta<\/li>\n \t<li>Deficiencias nutricionales y autoinmunes (falta de hierro o vitamina B12, trastornos tiroideos)<\/li>\n \t<li>Peinados apretados (coletas, trenzas y trenzas de milano)<\/li>\n<\/ul>\nEl pelo no volver\u00e1 a crecer hasta que finalice la causa de la ca\u00edda. Por ejemplo, a una persona sometida a quimioterapia que pierde pelo no le volver\u00e1 a crecer hasta que deje de recibir quimioterapia.\n<h3><strong>C\u00f3mo prevenir el da\u00f1o capilar:<\/strong><\/h3>\n<ul>\n \t<li>Utiliza acondicionador despu\u00e9s de cada champ\u00fa.<\/li>\n \t<li>Envuelve el pelo mojado en una toalla (no lo frotes) para que absorba el agua y d\u00e9jalo secar al aire cuando sea posible.<\/li>\n \t<li>Si tienes el pelo liso, deja que se seque un poco antes de utilizar un peine de p\u00faas anchas.<\/li>\n \t<li>Si tienes el pelo rizado o con textura, utiliza un peine de p\u00faas anchas mientras el pelo est\u00e1 h\u00famedo.<\/li>\n \t<li>Utilice el ajuste de calor m\u00e1s bajo en secadores, planchas y rizadores, y limite su uso.<\/li>\n \t<li>Lleva el pelo suelto hacia atr\u00e1s y utiliza cintas para el pelo.<\/li>\n \t<li>Lleva una trenza o extensi\u00f3n profesional durante 2 o 3 meses como m\u00e1ximo.<\/li>\n \t<li>Si te ti\u00f1es, te haces la permanente o te relajas el pelo, intenta alargar el tiempo entre retoques.<\/li>\n \t<li>Cep\u00edllate lo menos posible: m\u00e1s de 100 pasadas al d\u00eda pueden provocar la aparici\u00f3n de puntas abiertas.<\/li>\n<\/ul>\n<p><\/p>\n<p>\nUn dermat\u00f3logo puede ayudarte\u00a0<a href=\"https:\/\/affderm.com\/es\/2019\/07\/17\/perder-el-cabello-regenerar-el-cabello-con-tratamientos-prp\/\">determinar la causa<\/a>\u00a0o causas de la muda o p\u00e9rdida excesiva y\u00a0<a href=\"https:\/\/affderm.com\/es\/servicios\/dermatologia-estetica\/rejuvenecimiento-capilar-prp\/\">sugerir opciones de tratamiento<\/a>.\u00a0<a href=\"https:\/\/affderm.com\/es\/contacto\/\">P\u00f3ngase en contacto con nosotros<\/a>\u00a0hoy mismo para concertar una cita e informarse sobre nuestra amplia gama de productos y tratamientos que pueden ayudar a estimular el crecimiento de nuevo cabello y evitar un mayor debilitamiento.<\/p>\t\t\t\t\t\t\t\t<\/div>\n\t\t\t\t<\/div>\n\t\t\t\t\t<\/div>\n\t\t<\/div>\n\t\t\t\t\t<\/div>\n\t\t<\/section>\n\t\t\t\t<\/div>","protected":false},"excerpt":{"rendered":"<p>We lose hair every day, but do you know the difference between hair shedding and hair loss? In recognition of [&hellip;]<\/p>\n","protected":false},"author":1,"featured_media":2598,"comment_status":"closed","ping_status":"closed","sticky":false,"template":"","format":"standard","meta":{"_acf_changed":false,"footnotes":""},"categories":[18],"tags":[],"class_list":["post-2597","post","type-post","status-publish","format-standard","has-post-thumbnail","hentry","category-medical-dermatology"],"acf":[],"yoast_head":"<!-- This site is optimized with the Yoast SEO plugin v27.5 - https:\/\/yoast.com\/product\/yoast-seo-wordpress\/ -->\n<title>Getting to the Root of Hair Loss: How Ponytails, Stress and Medicine Hurt - Affiliated Dermatology<\/title>\n<meta name=\"robots\" content=\"index, follow, max-snippet:-1, max-image-preview:large, max-video-preview:-1\" \/>\n<link rel=\"canonical\" href=\"https:\/\/affderm.com\/es\/llegar-a-la-raiz-de-la-caida-del-cabello-como-las-colas-de-caballo-el-estres-y-la-medicina-dano\/\" \/>\n<meta property=\"og:locale\" content=\"es_MX\" \/>\n<meta property=\"og:type\" content=\"article\" \/>\n<meta property=\"og:title\" content=\"Getting to the Root of Hair Loss: How Ponytails, Stress and Medicine Hurt - Affiliated Dermatology\" \/>\n<meta property=\"og:description\" content=\"We lose hair every day, but do you know the difference between hair shedding and hair loss? In recognition of [&hellip;]\" \/>\n<meta property=\"og:url\" content=\"https:\/\/affderm.com\/es\/llegar-a-la-raiz-de-la-caida-del-cabello-como-las-colas-de-caballo-el-estres-y-la-medicina-dano\/\" \/>\n<meta property=\"og:site_name\" content=\"Affiliated Dermatology\" \/>\n<meta property=\"article:published_time\" content=\"2022-03-15T13:03:09+00:00\" \/>\n<meta property=\"article:modified_time\" content=\"2024-05-24T18:49:08+00:00\" \/>\n<meta property=\"og:image\" content=\"https:\/\/affderm.com\/wp-content\/uploads\/2022\/03\/affderm-2022-03-15T183236.214-1200x675.png\" \/>\n\t<meta property=\"og:image:width\" content=\"1200\" \/>\n\t<meta property=\"og:image:height\" content=\"675\" \/>\n\t<meta property=\"og:image:type\" content=\"image\/png\" \/>\n<meta name=\"author\" content=\"adminaff\" \/>\n<meta name=\"twitter:card\" content=\"summary_large_image\" \/>\n<meta name=\"twitter:label1\" content=\"Escrito por\" \/>\n\t<meta name=\"twitter:data1\" content=\"adminaff\" \/>\n\t<meta name=\"twitter:label2\" content=\"Tiempo de lectura\" \/>\n\t<meta name=\"twitter:data2\" content=\"2 minutos\" \/>\n<script type=\"application\/ld+json\" class=\"yoast-schema-graph\">{\"@context\":\"https:\\\/\\\/schema.org\",\"@graph\":[{\"@type\":\"Article\",\"@id\":\"https:\\\/\\\/affderm.com\\\/getting-to-the-root-of-hair-loss-how-ponytails-stress-and-medicine-hurt\\\/#article\",\"isPartOf\":{\"@id\":\"https:\\\/\\\/affderm.com\\\/getting-to-the-root-of-hair-loss-how-ponytails-stress-and-medicine-hurt\\\/\"},\"author\":{\"name\":\"adminaff\",\"@id\":\"https:\\\/\\\/affderm.com\\\/#\\\/schema\\\/person\\\/2c23376fe825a37257230a8c9f481131\"},\"headline\":\"Getting to the Root of Hair Loss: How Ponytails, Stress and Medicine Hurt\",\"datePublished\":\"2022-03-15T13:03:09+00:00\",\"dateModified\":\"2024-05-24T18:49:08+00:00\",\"mainEntityOfPage\":{\"@id\":\"https:\\\/\\\/affderm.com\\\/getting-to-the-root-of-hair-loss-how-ponytails-stress-and-medicine-hurt\\\/\"},\"wordCount\":374,\"image\":{\"@id\":\"https:\\\/\\\/affderm.com\\\/getting-to-the-root-of-hair-loss-how-ponytails-stress-and-medicine-hurt\\\/#primaryimage\"},\"thumbnailUrl\":\"https:\\\/\\\/affderm.com\\\/wp-content\\\/uploads\\\/2022\\\/03\\\/affderm-2022-03-15T183236.214.png\",\"articleSection\":[\"Medical Dermatology\"],\"inLanguage\":\"es\"},{\"@type\":\"WebPage\",\"@id\":\"https:\\\/\\\/affderm.com\\\/getting-to-the-root-of-hair-loss-how-ponytails-stress-and-medicine-hurt\\\/\",\"url\":\"https:\\\/\\\/affderm.com\\\/getting-to-the-root-of-hair-loss-how-ponytails-stress-and-medicine-hurt\\\/\",\"name\":\"Getting to the Root of Hair Loss: How Ponytails, Stress and Medicine Hurt - Affiliated Dermatology\",\"isPartOf\":{\"@id\":\"https:\\\/\\\/affderm.com\\\/#website\"},\"primaryImageOfPage\":{\"@id\":\"https:\\\/\\\/affderm.com\\\/getting-to-the-root-of-hair-loss-how-ponytails-stress-and-medicine-hurt\\\/#primaryimage\"},\"image\":{\"@id\":\"https:\\\/\\\/affderm.com\\\/getting-to-the-root-of-hair-loss-how-ponytails-stress-and-medicine-hurt\\\/#primaryimage\"},\"thumbnailUrl\":\"https:\\\/\\\/affderm.com\\\/wp-content\\\/uploads\\\/2022\\\/03\\\/affderm-2022-03-15T183236.214.png\",\"datePublished\":\"2022-03-15T13:03:09+00:00\",\"dateModified\":\"2024-05-24T18:49:08+00:00\",\"author\":{\"@id\":\"https:\\\/\\\/affderm.com\\\/#\\\/schema\\\/person\\\/2c23376fe825a37257230a8c9f481131\"},\"breadcrumb\":{\"@id\":\"https:\\\/\\\/affderm.com\\\/getting-to-the-root-of-hair-loss-how-ponytails-stress-and-medicine-hurt\\\/#breadcrumb\"},\"inLanguage\":\"es\",\"potentialAction\":[{\"@type\":\"ReadAction\",\"target\":[\"https:\\\/\\\/affderm.com\\\/getting-to-the-root-of-hair-loss-how-ponytails-stress-and-medicine-hurt\\\/\"]}]},{\"@type\":\"ImageObject\",\"inLanguage\":\"es\",\"@id\":\"https:\\\/\\\/affderm.com\\\/getting-to-the-root-of-hair-loss-how-ponytails-stress-and-medicine-hurt\\\/#primaryimage\",\"url\":\"https:\\\/\\\/affderm.com\\\/wp-content\\\/uploads\\\/2022\\\/03\\\/affderm-2022-03-15T183236.214.png\",\"contentUrl\":\"https:\\\/\\\/affderm.com\\\/wp-content\\\/uploads\\\/2022\\\/03\\\/affderm-2022-03-15T183236.214.png\",\"width\":2140,\"height\":1203},{\"@type\":\"BreadcrumbList\",\"@id\":\"https:\\\/\\\/affderm.com\\\/getting-to-the-root-of-hair-loss-how-ponytails-stress-and-medicine-hurt\\\/#breadcrumb\",\"itemListElement\":[{\"@type\":\"ListItem\",\"position\":1,\"name\":\"Home\",\"item\":\"https:\\\/\\\/affderm.com\\\/\"},{\"@type\":\"ListItem\",\"position\":2,\"name\":\"Getting to the Root of Hair Loss: How Ponytails, S\"}]},{\"@type\":\"WebSite\",\"@id\":\"https:\\\/\\\/affderm.com\\\/#website\",\"url\":\"https:\\\/\\\/affderm.com\\\/\",\"name\":\"Affiliated Dermatology\",\"description\":\"Experts in Skin Disease Treatment &amp; Prevention\",\"potentialAction\":[{\"@type\":\"SearchAction\",\"target\":{\"@type\":\"EntryPoint\",\"urlTemplate\":\"https:\\\/\\\/affderm.com\\\/?s={search_term_string}\"},\"query-input\":{\"@type\":\"PropertyValueSpecification\",\"valueRequired\":true,\"valueName\":\"search_term_string\"}}],\"inLanguage\":\"es\"},{\"@type\":\"Person\",\"@id\":\"https:\\\/\\\/affderm.com\\\/#\\\/schema\\\/person\\\/2c23376fe825a37257230a8c9f481131\",\"name\":\"adminaff\",\"sameAs\":[\"https:\\\/\\\/affderm.com\\\/affderm.com\"],\"url\":\"https:\\\/\\\/affderm.com\\\/es\\\/author\\\/adminaff\\\/\"}]}<\/script>\n<!-- \/ Yoast SEO plugin. -->","yoast_head_json":{"title":"Llegar a la ra\u00edz de la ca\u00edda del cabello: c\u00f3mo perjudican las coletas, el estr\u00e9s y los medicamentos - Dermatolog\u00eda Afiliada","robots":{"index":"index","follow":"follow","max-snippet":"max-snippet:-1","max-image-preview":"max-image-preview:large","max-video-preview":"max-video-preview:-1"},"canonical":"https:\/\/affderm.com\/es\/llegar-a-la-raiz-de-la-caida-del-cabello-como-las-colas-de-caballo-el-estres-y-la-medicina-dano\/","og_locale":"es_MX","og_type":"article","og_title":"Getting to the Root of Hair Loss: How Ponytails, Stress and Medicine Hurt - Affiliated Dermatology","og_description":"We lose hair every day, but do you know the difference between hair shedding and hair loss? In recognition of [&hellip;]","og_url":"https:\/\/affderm.com\/es\/llegar-a-la-raiz-de-la-caida-del-cabello-como-las-colas-de-caballo-el-estres-y-la-medicina-dano\/","og_site_name":"Affiliated Dermatology","article_published_time":"2022-03-15T13:03:09+00:00","article_modified_time":"2024-05-24T18:49:08+00:00","og_image":[{"width":1200,"height":675,"url":"https:\/\/affderm.com\/wp-content\/uploads\/2022\/03\/affderm-2022-03-15T183236.214-1200x675.png","type":"image\/png"}],"author":"adminaff","twitter_card":"summary_large_image","twitter_misc":{"Escrito por":"adminaff","Tiempo de lectura":"2 minutos"},"schema":{"@context":"https:\/\/schema.org","@graph":[{"@type":"Article","@id":"https:\/\/affderm.com\/getting-to-the-root-of-hair-loss-how-ponytails-stress-and-medicine-hurt\/#article","isPartOf":{"@id":"https:\/\/affderm.com\/getting-to-the-root-of-hair-loss-how-ponytails-stress-and-medicine-hurt\/"},"author":{"name":"adminaff","@id":"https:\/\/affderm.com\/#\/schema\/person\/2c23376fe825a37257230a8c9f481131"},"headline":"Getting to the Root of Hair Loss: How Ponytails, Stress and Medicine Hurt","datePublished":"2022-03-15T13:03:09+00:00","dateModified":"2024-05-24T18:49:08+00:00","mainEntityOfPage":{"@id":"https:\/\/affderm.com\/getting-to-the-root-of-hair-loss-how-ponytails-stress-and-medicine-hurt\/"},"wordCount":374,"image":{"@id":"https:\/\/affderm.com\/getting-to-the-root-of-hair-loss-how-ponytails-stress-and-medicine-hurt\/#primaryimage"},"thumbnailUrl":"https:\/\/affderm.com\/wp-content\/uploads\/2022\/03\/affderm-2022-03-15T183236.214.png","articleSection":["Medical Dermatology"],"inLanguage":"es"},{"@type":"WebPage","@id":"https:\/\/affderm.com\/getting-to-the-root-of-hair-loss-how-ponytails-stress-and-medicine-hurt\/","url":"https:\/\/affderm.com\/getting-to-the-root-of-hair-loss-how-ponytails-stress-and-medicine-hurt\/","name":"Llegar a la ra\u00edz de la ca\u00edda del cabello: c\u00f3mo perjudican las coletas, el estr\u00e9s y los medicamentos - Dermatolog\u00eda Afiliada","isPartOf":{"@id":"https:\/\/affderm.com\/#website"},"primaryImageOfPage":{"@id":"https:\/\/affderm.com\/getting-to-the-root-of-hair-loss-how-ponytails-stress-and-medicine-hurt\/#primaryimage"},"image":{"@id":"https:\/\/affderm.com\/getting-to-the-root-of-hair-loss-how-ponytails-stress-and-medicine-hurt\/#primaryimage"},"thumbnailUrl":"https:\/\/affderm.com\/wp-content\/uploads\/2022\/03\/affderm-2022-03-15T183236.214.png","datePublished":"2022-03-15T13:03:09+00:00","dateModified":"2024-05-24T18:49:08+00:00","author":{"@id":"https:\/\/affderm.com\/#\/schema\/person\/2c23376fe825a37257230a8c9f481131"},"breadcrumb":{"@id":"https:\/\/affderm.com\/getting-to-the-root-of-hair-loss-how-ponytails-stress-and-medicine-hurt\/#breadcrumb"},"inLanguage":"es","potentialAction":[{"@type":"ReadAction","target":["https:\/\/affderm.com\/getting-to-the-root-of-hair-loss-how-ponytails-stress-and-medicine-hurt\/"]}]},{"@type":"ImageObject","inLanguage":"es","@id":"https:\/\/affderm.com\/getting-to-the-root-of-hair-loss-how-ponytails-stress-and-medicine-hurt\/#primaryimage","url":"https:\/\/affderm.com\/wp-content\/uploads\/2022\/03\/affderm-2022-03-15T183236.214.png","contentUrl":"https:\/\/affderm.com\/wp-content\/uploads\/2022\/03\/affderm-2022-03-15T183236.214.png","width":2140,"height":1203},{"@type":"BreadcrumbList","@id":"https:\/\/affderm.com\/getting-to-the-root-of-hair-loss-how-ponytails-stress-and-medicine-hurt\/#breadcrumb","itemListElement":[{"@type":"ListItem","position":1,"name":"Home","item":"https:\/\/affderm.com\/"},{"@type":"ListItem","position":2,"name":"Getting to the Root of Hair Loss: How Ponytails, S"}]},{"@type":"WebSite","@id":"https:\/\/affderm.com\/#website","url":"https:\/\/affderm.com\/","name":"Dermatolog\u00eda afiliada","description":"Expertos en tratamiento y prevenci\u00f3n de enfermedades cut\u00e1neas","potentialAction":[{"@type":"SearchAction","target":{"@type":"EntryPoint","urlTemplate":"https:\/\/affderm.com\/?s={search_term_string}"},"query-input":{"@type":"PropertyValueSpecification","valueRequired":true,"valueName":"search_term_string"}}],"inLanguage":"es"},{"@type":"Person","@id":"https:\/\/affderm.com\/#\/schema\/person\/2c23376fe825a37257230a8c9f481131","name":"adminaff","sameAs":["https:\/\/affderm.com\/affderm.com"],"url":"https:\/\/affderm.com\/es\/author\/adminaff\/"}]}},"_links":{"self":[{"href":"https:\/\/affderm.com\/es\/wp-json\/wp\/v2\/posts\/2597","targetHints":{"allow":["GET"]}}],"collection":[{"href":"https:\/\/affderm.com\/es\/wp-json\/wp\/v2\/posts"}],"about":[{"href":"https:\/\/affderm.com\/es\/wp-json\/wp\/v2\/types\/post"}],"author":[{"embeddable":true,"href":"https:\/\/affderm.com\/es\/wp-json\/wp\/v2\/users\/1"}],"replies":[{"embeddable":true,"href":"https:\/\/affderm.com\/es\/wp-json\/wp\/v2\/comments?post=2597"}],"version-history":[{"count":0,"href":"https:\/\/affderm.com\/es\/wp-json\/wp\/v2\/posts\/2597\/revisions"}],"wp:featuredmedia":[{"embeddable":true,"href":"https:\/\/affderm.com\/es\/wp-json\/wp\/v2\/media\/2598"}],"wp:attachment":[{"href":"https:\/\/affderm.com\/es\/wp-json\/wp\/v2\/media?parent=2597"}],"wp:term":[{"taxonomy":"category","embeddable":true,"href":"https:\/\/affderm.com\/es\/wp-json\/wp\/v2\/categories?post=2597"},{"taxonomy":"post_tag","embeddable":true,"href":"https:\/\/affderm.com\/es\/wp-json\/wp\/v2\/tags?post=2597"}],"curies":[{"name":"wp","href":"https:\/\/api.w.org\/{rel}","templated":true}]}}