{"id":2657,"date":"2022-03-15T13:21:50","date_gmt":"2022-03-15T13:21:50","guid":{"rendered":"http:\/\/120.72.95.94:55147\/?p=2657"},"modified":"2024-05-24T11:48:20","modified_gmt":"2024-05-24T18:48:20","slug":"affderm-en-las-noticias-tinea-inversicolor-una-rara-distribucion-de-una-erupcion-comun","status":"publish","type":"post","link":"https:\/\/affderm.com\/es\/affderm-in-the-news-tinea-inversicolor-a-rare-distribution-of-a-common-eruption\/","title":{"rendered":"AffDerm en las noticias: Tinea versicolor: una distribuci\u00f3n poco com\u00fan de una erupci\u00f3n habitual"},"content":{"rendered":"<div data-elementor-type=\"wp-post\" data-elementor-id=\"2657\" class=\"elementor elementor-2657\">\n\t\t\t\t\t\t<section class=\"elementor-section elementor-top-section elementor-element elementor-element-4686e86 elementor-section-boxed elementor-section-height-default elementor-section-height-default\" data-id=\"4686e86\" data-element_type=\"section\" data-e-type=\"section\">\n\t\t\t\t\t\t<div class=\"elementor-container elementor-column-gap-default\">\n\t\t\t\t\t<div class=\"elementor-column elementor-col-100 elementor-top-column elementor-element elementor-element-fb45502\" data-id=\"fb45502\" data-element_type=\"column\" data-e-type=\"column\">\n\t\t\t<div class=\"elementor-widget-wrap elementor-element-populated\">\n\t\t\t\t\t\t<div class=\"elementor-element elementor-element-3f8cbcf elementor-widget elementor-widget-text-editor\" data-id=\"3f8cbcf\" data-element_type=\"widget\" data-e-type=\"widget\" data-widget_type=\"text-editor.default\">\n\t\t\t\t<div class=\"elementor-widget-container\">\n\t\t\t\t\t\t\t\t\t<p><strong>Nuestros residentes y proveedores de dermatolog\u00eda han trabajado duro investigando e informando sobre un raro caso de Pitiriasis Versicolor que se present\u00f3 recientemente en la cl\u00ednica.\u00a0<\/strong><span id=\"more-5413\"><\/span>Como autores de esta investigaci\u00f3n, los doctores Andrew Newman, Lydia Shedlofsky, Yebabe Mengesha y Brooke Blumetti han acu\u00f1ado esta rara afecci\u00f3n cut\u00e1nea: Tine InVersicolor. Este informe de caso ayudar\u00e1 a estudiantes de medicina, cl\u00ednicos y profesionales por igual a comprender y tratar adecuadamente esta afecci\u00f3n cut\u00e1nea.<\/p><p>Estamos muy orgullosos de nuestro talentoso equipo de dermat\u00f3logos por su dedicaci\u00f3n a la salud de nuestros pacientes, as\u00ed como por sus logros y avances en el campo de la dermatolog\u00eda. Ay\u00fadenos a felicitarles por su duro trabajo comentando a continuaci\u00f3n y compartiendo sus investigaciones.<\/p><p><strong><a href=\"https:\/\/www.cureus.com\/articles\/25903-tinea-inversicolor-a-rare-distribution-of-a-common-eruption\" target=\"_blank\" rel=\"noopener noreferrer\">Lea su art\u00edculo revisado por expertos en The Cureus Journal of Medical Science aqu\u00ed.<\/a><\/strong><\/p>\t\t\t\t\t\t\t\t<\/div>\n\t\t\t\t<\/div>\n\t\t\t\t\t<\/div>\n\t\t<\/div>\n\t\t\t\t\t<\/div>\n\t\t<\/section>\n\t\t\t\t<\/div>","protected":false},"excerpt":{"rendered":"<p>Our dermatology residents and providers have been hard at work researching and reporting on a rare case of Pityriasis Versicolor [&hellip;]<\/p>\n","protected":false},"author":1,"featured_media":2658,"comment_status":"closed","ping_status":"closed","sticky":false,"template":"","format":"standard","meta":{"_acf_changed":false,"footnotes":""},"categories":[22],"tags":[],"class_list":["post-2657","post","type-post","status-publish","format-standard","has-post-thumbnail","hentry","category-affiliated-dermatology-updates"],"acf":[],"yoast_head":"<!-- This site is optimized with the Yoast SEO plugin v27.5 - https:\/\/yoast.com\/product\/yoast-seo-wordpress\/ -->\n<title>AffDerm in the News: Tinea InVersicolor \u2013 A Rare Distribution of a Common Eruption - Affiliated Dermatology<\/title>\n<meta name=\"robots\" content=\"index, follow, max-snippet:-1, max-image-preview:large, max-video-preview:-1\" \/>\n<link rel=\"canonical\" href=\"https:\/\/affderm.com\/es\/affderm-en-las-noticias-tinea-inversicolor-una-rara-distribucion-de-una-erupcion-comun\/\" \/>\n<meta property=\"og:locale\" content=\"es_MX\" \/>\n<meta property=\"og:type\" content=\"article\" \/>\n<meta property=\"og:title\" content=\"AffDerm in the News: Tinea InVersicolor \u2013 A Rare Distribution of a Common Eruption - Affiliated Dermatology\" \/>\n<meta property=\"og:description\" content=\"Our dermatology residents and providers have been hard at work researching and reporting on a rare case of Pityriasis Versicolor [&hellip;]\" \/>\n<meta property=\"og:url\" content=\"https:\/\/affderm.com\/es\/affderm-en-las-noticias-tinea-inversicolor-una-rara-distribucion-de-una-erupcion-comun\/\" \/>\n<meta property=\"og:site_name\" content=\"Affiliated Dermatology\" \/>\n<meta property=\"article:published_time\" content=\"2022-03-15T13:21:50+00:00\" \/>\n<meta property=\"article:modified_time\" content=\"2024-05-24T18:48:20+00:00\" \/>\n<meta property=\"og:image\" content=\"https:\/\/affderm.com\/wp-content\/uploads\/2022\/03\/affderm-2022-03-15T185124.744.png\" \/>\n\t<meta property=\"og:image:width\" content=\"2048\" \/>\n\t<meta property=\"og:image:height\" content=\"1229\" \/>\n\t<meta property=\"og:image:type\" content=\"image\/png\" \/>\n<meta name=\"author\" content=\"adminaff\" \/>\n<meta name=\"twitter:card\" content=\"summary_large_image\" \/>\n<meta name=\"twitter:label1\" content=\"Escrito por\" \/>\n\t<meta name=\"twitter:data1\" content=\"adminaff\" \/>\n\t<meta name=\"twitter:label2\" content=\"Tiempo de lectura\" \/>\n\t<meta name=\"twitter:data2\" content=\"1 minuto\" \/>\n<script type=\"application\/ld+json\" class=\"yoast-schema-graph\">{\"@context\":\"https:\\\/\\\/schema.org\",\"@graph\":[{\"@type\":\"Article\",\"@id\":\"https:\\\/\\\/affderm.com\\\/affderm-in-the-news-tinea-inversicolor-a-rare-distribution-of-a-common-eruption\\\/#article\",\"isPartOf\":{\"@id\":\"https:\\\/\\\/affderm.com\\\/affderm-in-the-news-tinea-inversicolor-a-rare-distribution-of-a-common-eruption\\\/\"},\"author\":{\"name\":\"adminaff\",\"@id\":\"https:\\\/\\\/affderm.com\\\/#\\\/schema\\\/person\\\/2c23376fe825a37257230a8c9f481131\"},\"headline\":\"AffDerm in the News: Tinea InVersicolor \u2013 A Rare Distribution of a Common Eruption\",\"datePublished\":\"2022-03-15T13:21:50+00:00\",\"dateModified\":\"2024-05-24T18:48:20+00:00\",\"mainEntityOfPage\":{\"@id\":\"https:\\\/\\\/affderm.com\\\/affderm-in-the-news-tinea-inversicolor-a-rare-distribution-of-a-common-eruption\\\/\"},\"wordCount\":139,\"image\":{\"@id\":\"https:\\\/\\\/affderm.com\\\/affderm-in-the-news-tinea-inversicolor-a-rare-distribution-of-a-common-eruption\\\/#primaryimage\"},\"thumbnailUrl\":\"https:\\\/\\\/affderm.com\\\/wp-content\\\/uploads\\\/2022\\\/03\\\/affderm-2022-03-15T185124.744.png\",\"articleSection\":[\"Affiliated Dermatology Updates\"],\"inLanguage\":\"es\"},{\"@type\":\"WebPage\",\"@id\":\"https:\\\/\\\/affderm.com\\\/affderm-in-the-news-tinea-inversicolor-a-rare-distribution-of-a-common-eruption\\\/\",\"url\":\"https:\\\/\\\/affderm.com\\\/affderm-in-the-news-tinea-inversicolor-a-rare-distribution-of-a-common-eruption\\\/\",\"name\":\"AffDerm in the News: Tinea InVersicolor \u2013 A Rare Distribution of a Common Eruption - Affiliated Dermatology\",\"isPartOf\":{\"@id\":\"https:\\\/\\\/affderm.com\\\/#website\"},\"primaryImageOfPage\":{\"@id\":\"https:\\\/\\\/affderm.com\\\/affderm-in-the-news-tinea-inversicolor-a-rare-distribution-of-a-common-eruption\\\/#primaryimage\"},\"image\":{\"@id\":\"https:\\\/\\\/affderm.com\\\/affderm-in-the-news-tinea-inversicolor-a-rare-distribution-of-a-common-eruption\\\/#primaryimage\"},\"thumbnailUrl\":\"https:\\\/\\\/affderm.com\\\/wp-content\\\/uploads\\\/2022\\\/03\\\/affderm-2022-03-15T185124.744.png\",\"datePublished\":\"2022-03-15T13:21:50+00:00\",\"dateModified\":\"2024-05-24T18:48:20+00:00\",\"author\":{\"@id\":\"https:\\\/\\\/affderm.com\\\/#\\\/schema\\\/person\\\/2c23376fe825a37257230a8c9f481131\"},\"breadcrumb\":{\"@id\":\"https:\\\/\\\/affderm.com\\\/affderm-in-the-news-tinea-inversicolor-a-rare-distribution-of-a-common-eruption\\\/#breadcrumb\"},\"inLanguage\":\"es\",\"potentialAction\":[{\"@type\":\"ReadAction\",\"target\":[\"https:\\\/\\\/affderm.com\\\/affderm-in-the-news-tinea-inversicolor-a-rare-distribution-of-a-common-eruption\\\/\"]}]},{\"@type\":\"ImageObject\",\"inLanguage\":\"es\",\"@id\":\"https:\\\/\\\/affderm.com\\\/affderm-in-the-news-tinea-inversicolor-a-rare-distribution-of-a-common-eruption\\\/#primaryimage\",\"url\":\"https:\\\/\\\/affderm.com\\\/wp-content\\\/uploads\\\/2022\\\/03\\\/affderm-2022-03-15T185124.744.png\",\"contentUrl\":\"https:\\\/\\\/affderm.com\\\/wp-content\\\/uploads\\\/2022\\\/03\\\/affderm-2022-03-15T185124.744.png\",\"width\":2048,\"height\":1229},{\"@type\":\"BreadcrumbList\",\"@id\":\"https:\\\/\\\/affderm.com\\\/affderm-in-the-news-tinea-inversicolor-a-rare-distribution-of-a-common-eruption\\\/#breadcrumb\",\"itemListElement\":[{\"@type\":\"ListItem\",\"position\":1,\"name\":\"Home\",\"item\":\"https:\\\/\\\/affderm.com\\\/\"},{\"@type\":\"ListItem\",\"position\":2,\"name\":\"AffDerm in the News: Tinea InVersicolor \u2013 A Rare\"}]},{\"@type\":\"WebSite\",\"@id\":\"https:\\\/\\\/affderm.com\\\/#website\",\"url\":\"https:\\\/\\\/affderm.com\\\/\",\"name\":\"Affiliated Dermatology\",\"description\":\"Experts in Skin Disease Treatment &amp; Prevention\",\"potentialAction\":[{\"@type\":\"SearchAction\",\"target\":{\"@type\":\"EntryPoint\",\"urlTemplate\":\"https:\\\/\\\/affderm.com\\\/?s={search_term_string}\"},\"query-input\":{\"@type\":\"PropertyValueSpecification\",\"valueRequired\":true,\"valueName\":\"search_term_string\"}}],\"inLanguage\":\"es\"},{\"@type\":\"Person\",\"@id\":\"https:\\\/\\\/affderm.com\\\/#\\\/schema\\\/person\\\/2c23376fe825a37257230a8c9f481131\",\"name\":\"adminaff\",\"sameAs\":[\"https:\\\/\\\/affderm.com\\\/affderm.com\"],\"url\":\"https:\\\/\\\/affderm.com\\\/es\\\/author\\\/adminaff\\\/\"}]}<\/script>\n<!-- \/ Yoast SEO plugin. -->","yoast_head_json":{"title":"AffDerm en las noticias: Tinea InVersicolor - Una Distribuci\u00f3n Rara de una Erupci\u00f3n Com\u00fan - Affiliated Dermatology","robots":{"index":"index","follow":"follow","max-snippet":"max-snippet:-1","max-image-preview":"max-image-preview:large","max-video-preview":"max-video-preview:-1"},"canonical":"https:\/\/affderm.com\/es\/affderm-en-las-noticias-tinea-inversicolor-una-rara-distribucion-de-una-erupcion-comun\/","og_locale":"es_MX","og_type":"article","og_title":"AffDerm in the News: Tinea InVersicolor \u2013 A Rare Distribution of a Common Eruption - Affiliated Dermatology","og_description":"Our dermatology residents and providers have been hard at work researching and reporting on a rare case of Pityriasis Versicolor [&hellip;]","og_url":"https:\/\/affderm.com\/es\/affderm-en-las-noticias-tinea-inversicolor-una-rara-distribucion-de-una-erupcion-comun\/","og_site_name":"Affiliated Dermatology","article_published_time":"2022-03-15T13:21:50+00:00","article_modified_time":"2024-05-24T18:48:20+00:00","og_image":[{"width":2048,"height":1229,"url":"https:\/\/affderm.com\/wp-content\/uploads\/2022\/03\/affderm-2022-03-15T185124.744.png","type":"image\/png"}],"author":"adminaff","twitter_card":"summary_large_image","twitter_misc":{"Escrito por":"adminaff","Tiempo de lectura":"1 minuto"},"schema":{"@context":"https:\/\/schema.org","@graph":[{"@type":"Article","@id":"https:\/\/affderm.com\/affderm-in-the-news-tinea-inversicolor-a-rare-distribution-of-a-common-eruption\/#article","isPartOf":{"@id":"https:\/\/affderm.com\/affderm-in-the-news-tinea-inversicolor-a-rare-distribution-of-a-common-eruption\/"},"author":{"name":"adminaff","@id":"https:\/\/affderm.com\/#\/schema\/person\/2c23376fe825a37257230a8c9f481131"},"headline":"AffDerm in the News: Tinea InVersicolor \u2013 A Rare Distribution of a Common Eruption","datePublished":"2022-03-15T13:21:50+00:00","dateModified":"2024-05-24T18:48:20+00:00","mainEntityOfPage":{"@id":"https:\/\/affderm.com\/affderm-in-the-news-tinea-inversicolor-a-rare-distribution-of-a-common-eruption\/"},"wordCount":139,"image":{"@id":"https:\/\/affderm.com\/affderm-in-the-news-tinea-inversicolor-a-rare-distribution-of-a-common-eruption\/#primaryimage"},"thumbnailUrl":"https:\/\/affderm.com\/wp-content\/uploads\/2022\/03\/affderm-2022-03-15T185124.744.png","articleSection":["Affiliated Dermatology Updates"],"inLanguage":"es"},{"@type":"WebPage","@id":"https:\/\/affderm.com\/affderm-in-the-news-tinea-inversicolor-a-rare-distribution-of-a-common-eruption\/","url":"https:\/\/affderm.com\/affderm-in-the-news-tinea-inversicolor-a-rare-distribution-of-a-common-eruption\/","name":"AffDerm en las noticias: Tinea InVersicolor - Una Distribuci\u00f3n Rara de una Erupci\u00f3n Com\u00fan - Affiliated Dermatology","isPartOf":{"@id":"https:\/\/affderm.com\/#website"},"primaryImageOfPage":{"@id":"https:\/\/affderm.com\/affderm-in-the-news-tinea-inversicolor-a-rare-distribution-of-a-common-eruption\/#primaryimage"},"image":{"@id":"https:\/\/affderm.com\/affderm-in-the-news-tinea-inversicolor-a-rare-distribution-of-a-common-eruption\/#primaryimage"},"thumbnailUrl":"https:\/\/affderm.com\/wp-content\/uploads\/2022\/03\/affderm-2022-03-15T185124.744.png","datePublished":"2022-03-15T13:21:50+00:00","dateModified":"2024-05-24T18:48:20+00:00","author":{"@id":"https:\/\/affderm.com\/#\/schema\/person\/2c23376fe825a37257230a8c9f481131"},"breadcrumb":{"@id":"https:\/\/affderm.com\/affderm-in-the-news-tinea-inversicolor-a-rare-distribution-of-a-common-eruption\/#breadcrumb"},"inLanguage":"es","potentialAction":[{"@type":"ReadAction","target":["https:\/\/affderm.com\/affderm-in-the-news-tinea-inversicolor-a-rare-distribution-of-a-common-eruption\/"]}]},{"@type":"ImageObject","inLanguage":"es","@id":"https:\/\/affderm.com\/affderm-in-the-news-tinea-inversicolor-a-rare-distribution-of-a-common-eruption\/#primaryimage","url":"https:\/\/affderm.com\/wp-content\/uploads\/2022\/03\/affderm-2022-03-15T185124.744.png","contentUrl":"https:\/\/affderm.com\/wp-content\/uploads\/2022\/03\/affderm-2022-03-15T185124.744.png","width":2048,"height":1229},{"@type":"BreadcrumbList","@id":"https:\/\/affderm.com\/affderm-in-the-news-tinea-inversicolor-a-rare-distribution-of-a-common-eruption\/#breadcrumb","itemListElement":[{"@type":"ListItem","position":1,"name":"Home","item":"https:\/\/affderm.com\/"},{"@type":"ListItem","position":2,"name":"AffDerm in the News: Tinea InVersicolor \u2013 A Rare"}]},{"@type":"WebSite","@id":"https:\/\/affderm.com\/#website","url":"https:\/\/affderm.com\/","name":"Dermatolog\u00eda afiliada","description":"Expertos en tratamiento y prevenci\u00f3n de enfermedades cut\u00e1neas","potentialAction":[{"@type":"SearchAction","target":{"@type":"EntryPoint","urlTemplate":"https:\/\/affderm.com\/?s={search_term_string}"},"query-input":{"@type":"PropertyValueSpecification","valueRequired":true,"valueName":"search_term_string"}}],"inLanguage":"es"},{"@type":"Person","@id":"https:\/\/affderm.com\/#\/schema\/person\/2c23376fe825a37257230a8c9f481131","name":"adminaff","sameAs":["https:\/\/affderm.com\/affderm.com"],"url":"https:\/\/affderm.com\/es\/author\/adminaff\/"}]}},"_links":{"self":[{"href":"https:\/\/affderm.com\/es\/wp-json\/wp\/v2\/posts\/2657","targetHints":{"allow":["GET"]}}],"collection":[{"href":"https:\/\/affderm.com\/es\/wp-json\/wp\/v2\/posts"}],"about":[{"href":"https:\/\/affderm.com\/es\/wp-json\/wp\/v2\/types\/post"}],"author":[{"embeddable":true,"href":"https:\/\/affderm.com\/es\/wp-json\/wp\/v2\/users\/1"}],"replies":[{"embeddable":true,"href":"https:\/\/affderm.com\/es\/wp-json\/wp\/v2\/comments?post=2657"}],"version-history":[{"count":0,"href":"https:\/\/affderm.com\/es\/wp-json\/wp\/v2\/posts\/2657\/revisions"}],"wp:featuredmedia":[{"embeddable":true,"href":"https:\/\/affderm.com\/es\/wp-json\/wp\/v2\/media\/2658"}],"wp:attachment":[{"href":"https:\/\/affderm.com\/es\/wp-json\/wp\/v2\/media?parent=2657"}],"wp:term":[{"taxonomy":"category","embeddable":true,"href":"https:\/\/affderm.com\/es\/wp-json\/wp\/v2\/categories?post=2657"},{"taxonomy":"post_tag","embeddable":true,"href":"https:\/\/affderm.com\/es\/wp-json\/wp\/v2\/tags?post=2657"}],"curies":[{"name":"wp","href":"https:\/\/api.w.org\/{rel}","templated":true}]}}