{"id":2770,"date":"2022-03-15T13:49:49","date_gmt":"2022-03-15T13:49:49","guid":{"rendered":"http:\/\/120.72.95.94:55147\/?p=2770"},"modified":"2024-05-24T11:47:01","modified_gmt":"2024-05-24T18:47:01","slug":"por-que-los-examenes-de-la-piel-deben-formar-parte-de-las-conversaciones-sobre-el-cancer-de-mama","status":"publish","type":"post","link":"https:\/\/affderm.com\/es\/why-skin-exams-must-be-part-of-breast-cancer-discussions\/","title":{"rendered":"Por qu\u00e9 los ex\u00e1menes de la piel deben formar parte de las conversaciones sobre el c\u00e1ncer de mama"},"content":{"rendered":"<div data-elementor-type=\"wp-post\" data-elementor-id=\"2770\" class=\"elementor elementor-2770\">\n\t\t\t\t\t\t<section class=\"elementor-section elementor-top-section elementor-element elementor-element-9deef11 elementor-section-boxed elementor-section-height-default elementor-section-height-default\" data-id=\"9deef11\" data-element_type=\"section\" data-e-type=\"section\">\n\t\t\t\t\t\t<div class=\"elementor-container elementor-column-gap-default\">\n\t\t\t\t\t<div class=\"elementor-column elementor-col-100 elementor-top-column elementor-element elementor-element-ec36b79\" data-id=\"ec36b79\" data-element_type=\"column\" data-e-type=\"column\">\n\t\t\t<div class=\"elementor-widget-wrap elementor-element-populated\">\n\t\t\t\t\t\t<div class=\"elementor-element elementor-element-1e42100 elementor-widget elementor-widget-text-editor\" data-id=\"1e42100\" data-element_type=\"widget\" data-e-type=\"widget\" data-widget_type=\"text-editor.default\">\n\t\t\t\t<div class=\"elementor-widget-container\">\n\t\t\t\t\t\t\t\t\t<p><strong>Octubre es el Mes de Sensibilizaci\u00f3n sobre el C\u00e1ncer de Mama y, dado que la atenci\u00f3n se centra en la detecci\u00f3n y la prevenci\u00f3n, esperamos que ocurra lo mismo con las revisiones cut\u00e1neas.\u00a0<\/strong>En las \u00faltimas tres d\u00e9cadas, hombres, mujeres y ni\u00f1os han adquirido un mayor conocimiento de esta terrible enfermedad. Pero, \u00bfsab\u00eda que los estudios han demostrado que las pacientes con c\u00e1ncer de mama tambi\u00e9n tienen un mayor riesgo de padecer c\u00e1ncer de piel, incluida la forma m\u00e1s mortal, el melanoma?<\/p><div class=\"wp-container-1 wp-block-group\"><div class=\"wp-block-group__inner-container\"><p>Durante este tiempo, se debate mucho y valioso sobre prevenci\u00f3n, tratamiento e investigaci\u00f3n y\u00a0<a href=\"https:\/\/youtu.be\/NZ8dIh1CDnQ\">nuestros dermat\u00f3logos dicen que un examen para detectar el c\u00e1ncer de mama debe ir acompa\u00f1ado de un examen de la piel de todo el cuerpo<\/a>\u00a0para detectar posibles signos de melanoma. \"Mi esperanza es que las mujeres adquieran el h\u00e1bito de programar un examen de la piel de todo el cuerpo cuando programan una mamograf\u00eda\", dijo el Dr. Averitte, director ejecutivo y socio gerente de Affiliated Dermatology. \"El melanoma es la forma m\u00e1s mort\u00edfera de c\u00e1ncer de piel y tiene m\u00e1s probabilidades que otros tipos de invadir tejidos y extenderse a otras partes del cuerpo\".<\/p><\/div><\/div><h3><strong>Una correlaci\u00f3n bidireccional: C\u00e1ncer de mama y c\u00e1ncer de piel<\/strong><\/h3><p>En Arizona, todos somos conscientes de la\u00a0<a href=\"https:\/\/affderm.com\/es\/2020\/02\/13\/por-que-hay-que-usar-proteccion-solar-los-365-dias-del-ano\/\">impacto del sol en nuestra piel<\/a>. Llevamos sombreros y crema solar, buscamos la sombra y nos hacemos revisiones anuales de los lunares. Pero muy pocas personas son conscientes de la correlaci\u00f3n entre el c\u00e1ncer de mama y el c\u00e1ncer de piel. En pocas palabras, el diagn\u00f3stico de uno de estos c\u00e1nceres aumenta significativamente el riesgo del otro. Aunque a\u00fan no se comprenden del todo las razones de esta asociaci\u00f3n, sabemos que hay factores de riesgo amplificados que intervienen en la conexi\u00f3n. Los tratamientos de radiaci\u00f3n, los cambios hormonales durante la terapia, un v\u00ednculo biol\u00f3gico o gen\u00e9tico y los factores ambientales pueden desempe\u00f1ar un papel en la conexi\u00f3n entre el c\u00e1ncer de mama y el de piel.<\/p><p>Esperamos seguir ampliando la conversaci\u00f3n para incluir\u00a0<a href=\"https:\/\/affderm.com\/es\/servicios\/tratamiento-del-cancer-de-piel-prevencion\/pruebas-de-deteccion-del-cancer-de-piel\/\">ex\u00e1menes de la piel de todo el cuerpo<\/a>\u00a0porque la investigaci\u00f3n apoya el v\u00ednculo bidireccional melanoma-c\u00e1ncer de mama: el diagn\u00f3stico de uno, aumenta el riesgo del otro. A\u00a0<a href=\"https:\/\/pubmed.ncbi.nlm.nih.gov\/15252852\/\" target=\"_blank\" rel=\"noreferrer noopener\">Estudio de 2004<\/a>\u00a0realizado por el\u00a0<em>Revista Internacional del C\u00e1ncer<\/em>\u00a0y un\u00a0<a href=\"http:\/\/jamanetwork.com\/journals\/jamadermatology\/fullarticle\/1105547\">Estudio de 2011<\/a>\u00a0publicado en el\u00a0<em>Archivos de Dermatolog\u00eda<\/em>\u00a0analiza los casos de melanoma como segundo c\u00e1ncer y los investigadores hallaron un aumento similar en los niveles de riesgo:<\/p><ul id=\"block-11f17ca0-df18-4600-ba06-d94fc4859fb4\"><li>Las supervivientes de c\u00e1ncer de mama ten\u00edan un 16% m\u00e1s de probabilidades de desarrollar melanoma que las mujeres que nunca lo hab\u00edan padecido.<\/li><li>Las pacientes j\u00f3venes con c\u00e1ncer de mama experimentaron un riesgo elevado del 46%.<\/li><li>Las mujeres sometidas a radioterapia presentaban un riesgo un 42% mayor.<\/li><li>Las supervivientes de c\u00e1ncer de mama menores de 45 a\u00f1os ten\u00edan un 38% m\u00e1s de riesgo de desarrollar melanoma.<\/li><li>Las pacientes con c\u00e1ncer de mama mayores de 45 a\u00f1os presentaban un riesgo un 12% mayor.<\/li><\/ul><div class=\"wp-container-2 wp-block-group\"><div class=\"wp-block-group__inner-container\"><p>Todas las pacientes con c\u00e1ncer de mama deben ser conscientes de la importancia de los lunares cambiantes y las que presenten lesiones sospechosas deben ser remitidas a un dermat\u00f3logo para su evaluaci\u00f3n. La Dra. Christine Lin, de Affiliated Dermatology, tambi\u00e9n espera concienciar sobre las revisiones cut\u00e1neas, especialmente a las supervivientes de c\u00e1ncer de mama. Afirma que estas supervivientes corren un mayor riesgo de desarrollar melanoma. \"Las supervivientes de c\u00e1ncer de mama mayores de 45 a\u00f1os tienen un riesgo un 12% mayor de desarrollar melanoma, y ese riesgo es del 38% para las supervivientes de c\u00e1ncer de mama menores de 45 a\u00f1os. En el caso de las mujeres que han recibido radioterapia, el riesgo aumenta a\u00fan m\u00e1s\".<\/p><p><a href=\"https:\/\/youtu.be\/C9VuZ0E1_s8\">Un paciente conoce los peligros<\/a>\u00a0demasiado bien cuando le diagnosticaron c\u00e1ncer de mama y ten\u00eda cinco tumores en la mama derecha. Poco despu\u00e9s se someti\u00f3 a una mastectom\u00eda bilateral y, poco despu\u00e9s, se hizo una revisi\u00f3n de la piel. \"Me hicieron una biopsia de cinco lunares y dos de ellos resultaron ser precancerosos\", explica. La Dra. Lin afirma que estos lunares podr\u00edan haberse convertido en melanoma de no haber sido por la detecci\u00f3n precoz y, aunque no conocen la relaci\u00f3n directa entre melanoma y c\u00e1ncer de mama, \"podr\u00eda tratarse de mutaciones gen\u00e9ticas subyacentes. Podr\u00edan ser factores ambientales o de comportamiento\". Las cifras son demasiado altas como para arriesgarse. \"Tienes que revisarte la piel. Si vas a hacerte una mamograf\u00eda, tambi\u00e9n tienes que revisarte la piel. No importa el pigmento de tu piel, puede haber un lunar que se convierta en algo y es mejor prevenir que curar\", dijo la paciente.<\/p><\/div><\/div><h3><strong>Riesgos del melanoma<\/strong><\/h3><p id=\"block-727100ab-e601-4e1c-bf50-c972d017843d\">El c\u00e1ncer de piel es, con diferencia, el m\u00e1s frecuente de todos los c\u00e1nceres y el melanoma s\u00f3lo representa alrededor del 1% de los c\u00e1nceres de piel, pero causa una gran mayor\u00eda de las muertes por c\u00e1ncer de piel. El melanoma va en aumento y es la forma m\u00e1s com\u00fan y mortal de c\u00e1ncer. Las tasas de melanoma han aumentado r\u00e1pidamente en las \u00faltimas d\u00e9cadas y el\u00a0<a href=\"https:\/\/www.cancer.org\/cancer\/melanoma-skin-cancer\/about\/key-statistics.html\">Sociedad Americana del C\u00e1ncer<\/a>\u00a0estimaciones de melanoma en EE.UU. para 2020 son:<\/p><ul id=\"block-bb63dc17-de91-4962-bb75-edde49a003b4\"><li>Se diagnosticar\u00e1n unos 100.350 nuevos melanomas (unos 60.190 en hombres y 40.160 en mujeres).<\/li><li>Se prev\u00e9 que unas 6.850 personas mueran de melanoma (unos 4.610 hombres y 2.240 mujeres).<\/li><\/ul><div class=\"wp-container-3 wp-block-group\"><div class=\"wp-block-group__inner-container\"><p id=\"block-727100ab-e601-4e1c-bf50-c972d017843d\">El riesgo de melanoma aumenta con la edad. La edad media a la que se diagnostica es de 65 a\u00f1os. Pero el melanoma no es infrecuente ni siquiera entre los menores de 30 a\u00f1os. De hecho, es uno de los c\u00e1nceres m\u00e1s frecuentes en adultos j\u00f3venes (especialmente en mujeres j\u00f3venes). En general, el melanoma es m\u00e1s frecuente en los hombres, pero antes de los 50 a\u00f1os las tasas son m\u00e1s altas en las mujeres que en los hombres. Aunque estos resultados son sorprendentes, deber\u00edan animarnos a todos a abogar por la detecci\u00f3n precoz y el cuidado preventivo de nuestro cuerpo.<\/p><\/div><\/div><h3><strong>El \"ABCDE\" del melanoma<\/strong><\/h3><p id=\"block-3a9e988b-6b3f-4c81-81b9-2db39083ff65\">Nuestros expertos en c\u00e1ncer de piel siguen animando a la gente a compartir la herramienta \"ABCDE\" con sus amigos y familiares. Al igual que los autoex\u00e1menes para el c\u00e1ncer de mama, esta herramienta para el c\u00e1ncer de piel\u00a0<a href=\"https:\/\/www.aad.org\/public\/spot-skin-cancer\/learn-about-skin-cancer\/detect\/what-to-look-for\" target=\"_blank\" rel=\"noreferrer noopener\">creado por la Academia Americana de Dermatolog\u00eda<\/a>\u00a0est\u00e1 dise\u00f1ado para ayudar a detectar los problemas a tiempo. Consulte inmediatamente a su dermat\u00f3logo si alg\u00fan lunar o mancha pigmentada presenta alguna de las siguientes caracter\u00edsticas:<\/p><div class=\"wp-container-5 wp-block-group\"><div class=\"wp-block-group__inner-container\"><div class=\"wp-container-4 wp-block-group\"><div class=\"wp-block-group__inner-container\"><ul><li><strong>A<\/strong>\u00a0<strong>= Asimetr\u00eda<\/strong>. Una mitad no coincide con la otra.<\/li><li><strong>B=Frontera<\/strong>. Los bordes son irregulares o est\u00e1n mal definidos.<\/li><li><strong>C=Color<\/strong>. El color var\u00eda o tiene tonos tostados, marrones o negros.<\/li><li><strong>D=di\u00e1metro<\/strong>. Los melanomas suelen ser mayores de 6 mm (el tama\u00f1o de la goma de borrar de un l\u00e1piz) cuando se diagnostican, pero pueden ser m\u00e1s peque\u00f1os.<\/li><li><strong>E=Evoluci\u00f3n.<\/strong>\u00a0Un lunar o lesi\u00f3n que cambia de tama\u00f1o, forma, color o tiene un aspecto diferente a los dem\u00e1s.<\/li><\/ul><\/div><\/div><\/div><\/div><p>Aunque el c\u00e1ncer de mama y de piel son enfermedades temibles, la detecci\u00f3n precoz es la clave de una tasa de supervivencia a largo plazo. Los dermat\u00f3logos esperan que, con una mayor concienciaci\u00f3n, las mujeres adquieran el h\u00e1bito de programar un examen de la piel de todo el cuerpo cada vez que se hagan una mamograf\u00eda. Las pacientes con c\u00e1ncer de mama deben vigilar los cambios en la piel y los lunares mediante autoex\u00e1menes peri\u00f3dicos y visitas anuales a su dermat\u00f3logo para que les examine la piel de todo el cuerpo. Adem\u00e1s, las mujeres diagnosticadas de c\u00e1ncer de piel deben ser diligentes a la hora de hacerse autoex\u00e1menes mensuales de las mamas, programar su mamograf\u00eda anual y notificar a los m\u00e9dicos su historial m\u00e9dico completo.<\/p>\t\t\t\t\t\t\t\t<\/div>\n\t\t\t\t<\/div>\n\t\t\t\t\t<\/div>\n\t\t<\/div>\n\t\t\t\t\t<\/div>\n\t\t<\/section>\n\t\t\t\t<\/div>","protected":false},"excerpt":{"rendered":"<p>October is Breast Cancer Awareness Month and with the attention being focused on\u00a0detection\u00a0and prevention, we hope the same will go [&hellip;]<\/p>\n","protected":false},"author":1,"featured_media":2781,"comment_status":"closed","ping_status":"closed","sticky":false,"template":"","format":"standard","meta":{"_acf_changed":false,"footnotes":""},"categories":[18,23],"tags":[],"class_list":["post-2770","post","type-post","status-publish","format-standard","has-post-thumbnail","hentry","category-medical-dermatology","category-skin-cancer"],"acf":[],"yoast_head":"<!-- This site is optimized with the Yoast SEO plugin v27.5 - https:\/\/yoast.com\/product\/yoast-seo-wordpress\/ -->\n<title>Why Skin Exams Must Be Part of Breast Cancer Discussions - Affiliated Dermatology<\/title>\n<meta name=\"robots\" content=\"index, follow, max-snippet:-1, max-image-preview:large, max-video-preview:-1\" \/>\n<link rel=\"canonical\" href=\"https:\/\/affderm.com\/es\/por-que-los-examenes-de-la-piel-deben-formar-parte-de-las-conversaciones-sobre-el-cancer-de-mama\/\" \/>\n<meta property=\"og:locale\" content=\"es_MX\" \/>\n<meta property=\"og:type\" content=\"article\" \/>\n<meta property=\"og:title\" content=\"Why Skin Exams Must Be Part of Breast Cancer Discussions - Affiliated Dermatology\" \/>\n<meta property=\"og:description\" content=\"October is Breast Cancer Awareness Month and with the attention being focused on\u00a0detection\u00a0and prevention, we hope the same will go [&hellip;]\" \/>\n<meta property=\"og:url\" content=\"https:\/\/affderm.com\/es\/por-que-los-examenes-de-la-piel-deben-formar-parte-de-las-conversaciones-sobre-el-cancer-de-mama\/\" \/>\n<meta property=\"og:site_name\" content=\"Affiliated Dermatology\" \/>\n<meta property=\"article:published_time\" content=\"2022-03-15T13:49:49+00:00\" \/>\n<meta property=\"article:modified_time\" content=\"2024-05-24T18:47:01+00:00\" \/>\n<meta property=\"og:image\" content=\"https:\/\/affderm.com\/wp-content\/uploads\/2022\/03\/affderm-2022-03-15T191931.744.png\" \/>\n\t<meta property=\"og:image:width\" content=\"1024\" \/>\n\t<meta property=\"og:image:height\" content=\"512\" \/>\n\t<meta property=\"og:image:type\" content=\"image\/png\" \/>\n<meta name=\"author\" content=\"adminaff\" \/>\n<meta name=\"twitter:card\" content=\"summary_large_image\" \/>\n<meta name=\"twitter:label1\" content=\"Escrito por\" \/>\n\t<meta name=\"twitter:data1\" content=\"adminaff\" \/>\n\t<meta name=\"twitter:label2\" content=\"Tiempo de lectura\" \/>\n\t<meta name=\"twitter:data2\" content=\"5 minutos\" \/>\n<script type=\"application\/ld+json\" class=\"yoast-schema-graph\">{\"@context\":\"https:\\\/\\\/schema.org\",\"@graph\":[{\"@type\":\"Article\",\"@id\":\"https:\\\/\\\/affderm.com\\\/why-skin-exams-must-be-part-of-breast-cancer-discussions\\\/#article\",\"isPartOf\":{\"@id\":\"https:\\\/\\\/affderm.com\\\/why-skin-exams-must-be-part-of-breast-cancer-discussions\\\/\"},\"author\":{\"name\":\"adminaff\",\"@id\":\"https:\\\/\\\/affderm.com\\\/#\\\/schema\\\/person\\\/2c23376fe825a37257230a8c9f481131\"},\"headline\":\"Why Skin Exams Must Be Part of Breast Cancer Discussions\",\"datePublished\":\"2022-03-15T13:49:49+00:00\",\"dateModified\":\"2024-05-24T18:47:01+00:00\",\"mainEntityOfPage\":{\"@id\":\"https:\\\/\\\/affderm.com\\\/why-skin-exams-must-be-part-of-breast-cancer-discussions\\\/\"},\"wordCount\":1096,\"image\":{\"@id\":\"https:\\\/\\\/affderm.com\\\/why-skin-exams-must-be-part-of-breast-cancer-discussions\\\/#primaryimage\"},\"thumbnailUrl\":\"https:\\\/\\\/affderm.com\\\/wp-content\\\/uploads\\\/2022\\\/03\\\/affderm-2022-03-15T191931.744.png\",\"articleSection\":[\"Medical Dermatology\",\"Skin Cancer\"],\"inLanguage\":\"es\"},{\"@type\":\"WebPage\",\"@id\":\"https:\\\/\\\/affderm.com\\\/why-skin-exams-must-be-part-of-breast-cancer-discussions\\\/\",\"url\":\"https:\\\/\\\/affderm.com\\\/why-skin-exams-must-be-part-of-breast-cancer-discussions\\\/\",\"name\":\"Why Skin Exams Must Be Part of Breast Cancer Discussions - Affiliated Dermatology\",\"isPartOf\":{\"@id\":\"https:\\\/\\\/affderm.com\\\/#website\"},\"primaryImageOfPage\":{\"@id\":\"https:\\\/\\\/affderm.com\\\/why-skin-exams-must-be-part-of-breast-cancer-discussions\\\/#primaryimage\"},\"image\":{\"@id\":\"https:\\\/\\\/affderm.com\\\/why-skin-exams-must-be-part-of-breast-cancer-discussions\\\/#primaryimage\"},\"thumbnailUrl\":\"https:\\\/\\\/affderm.com\\\/wp-content\\\/uploads\\\/2022\\\/03\\\/affderm-2022-03-15T191931.744.png\",\"datePublished\":\"2022-03-15T13:49:49+00:00\",\"dateModified\":\"2024-05-24T18:47:01+00:00\",\"author\":{\"@id\":\"https:\\\/\\\/affderm.com\\\/#\\\/schema\\\/person\\\/2c23376fe825a37257230a8c9f481131\"},\"breadcrumb\":{\"@id\":\"https:\\\/\\\/affderm.com\\\/why-skin-exams-must-be-part-of-breast-cancer-discussions\\\/#breadcrumb\"},\"inLanguage\":\"es\",\"potentialAction\":[{\"@type\":\"ReadAction\",\"target\":[\"https:\\\/\\\/affderm.com\\\/why-skin-exams-must-be-part-of-breast-cancer-discussions\\\/\"]}]},{\"@type\":\"ImageObject\",\"inLanguage\":\"es\",\"@id\":\"https:\\\/\\\/affderm.com\\\/why-skin-exams-must-be-part-of-breast-cancer-discussions\\\/#primaryimage\",\"url\":\"https:\\\/\\\/affderm.com\\\/wp-content\\\/uploads\\\/2022\\\/03\\\/affderm-2022-03-15T191931.744.png\",\"contentUrl\":\"https:\\\/\\\/affderm.com\\\/wp-content\\\/uploads\\\/2022\\\/03\\\/affderm-2022-03-15T191931.744.png\",\"width\":1024,\"height\":512},{\"@type\":\"BreadcrumbList\",\"@id\":\"https:\\\/\\\/affderm.com\\\/why-skin-exams-must-be-part-of-breast-cancer-discussions\\\/#breadcrumb\",\"itemListElement\":[{\"@type\":\"ListItem\",\"position\":1,\"name\":\"Home\",\"item\":\"https:\\\/\\\/affderm.com\\\/\"},{\"@type\":\"ListItem\",\"position\":2,\"name\":\"Why Skin Exams Must Be Part of Breast Cancer Discu\"}]},{\"@type\":\"WebSite\",\"@id\":\"https:\\\/\\\/affderm.com\\\/#website\",\"url\":\"https:\\\/\\\/affderm.com\\\/\",\"name\":\"Affiliated Dermatology\",\"description\":\"Experts in Skin Disease Treatment &amp; Prevention\",\"potentialAction\":[{\"@type\":\"SearchAction\",\"target\":{\"@type\":\"EntryPoint\",\"urlTemplate\":\"https:\\\/\\\/affderm.com\\\/?s={search_term_string}\"},\"query-input\":{\"@type\":\"PropertyValueSpecification\",\"valueRequired\":true,\"valueName\":\"search_term_string\"}}],\"inLanguage\":\"es\"},{\"@type\":\"Person\",\"@id\":\"https:\\\/\\\/affderm.com\\\/#\\\/schema\\\/person\\\/2c23376fe825a37257230a8c9f481131\",\"name\":\"adminaff\",\"sameAs\":[\"https:\\\/\\\/affderm.com\\\/affderm.com\"],\"url\":\"https:\\\/\\\/affderm.com\\\/es\\\/author\\\/adminaff\\\/\"}]}<\/script>\n<!-- \/ Yoast SEO plugin. -->","yoast_head_json":{"title":"Por qu\u00e9 los ex\u00e1menes de la piel deben formar parte de las conversaciones sobre el c\u00e1ncer de mama - Affiliated Dermatology","robots":{"index":"index","follow":"follow","max-snippet":"max-snippet:-1","max-image-preview":"max-image-preview:large","max-video-preview":"max-video-preview:-1"},"canonical":"https:\/\/affderm.com\/es\/por-que-los-examenes-de-la-piel-deben-formar-parte-de-las-conversaciones-sobre-el-cancer-de-mama\/","og_locale":"es_MX","og_type":"article","og_title":"Why Skin Exams Must Be Part of Breast Cancer Discussions - Affiliated Dermatology","og_description":"October is Breast Cancer Awareness Month and with the attention being focused on\u00a0detection\u00a0and prevention, we hope the same will go [&hellip;]","og_url":"https:\/\/affderm.com\/es\/por-que-los-examenes-de-la-piel-deben-formar-parte-de-las-conversaciones-sobre-el-cancer-de-mama\/","og_site_name":"Affiliated Dermatology","article_published_time":"2022-03-15T13:49:49+00:00","article_modified_time":"2024-05-24T18:47:01+00:00","og_image":[{"width":1024,"height":512,"url":"https:\/\/affderm.com\/wp-content\/uploads\/2022\/03\/affderm-2022-03-15T191931.744.png","type":"image\/png"}],"author":"adminaff","twitter_card":"summary_large_image","twitter_misc":{"Escrito por":"adminaff","Tiempo de lectura":"5 minutos"},"schema":{"@context":"https:\/\/schema.org","@graph":[{"@type":"Article","@id":"https:\/\/affderm.com\/why-skin-exams-must-be-part-of-breast-cancer-discussions\/#article","isPartOf":{"@id":"https:\/\/affderm.com\/why-skin-exams-must-be-part-of-breast-cancer-discussions\/"},"author":{"name":"adminaff","@id":"https:\/\/affderm.com\/#\/schema\/person\/2c23376fe825a37257230a8c9f481131"},"headline":"Why Skin Exams Must Be Part of Breast Cancer Discussions","datePublished":"2022-03-15T13:49:49+00:00","dateModified":"2024-05-24T18:47:01+00:00","mainEntityOfPage":{"@id":"https:\/\/affderm.com\/why-skin-exams-must-be-part-of-breast-cancer-discussions\/"},"wordCount":1096,"image":{"@id":"https:\/\/affderm.com\/why-skin-exams-must-be-part-of-breast-cancer-discussions\/#primaryimage"},"thumbnailUrl":"https:\/\/affderm.com\/wp-content\/uploads\/2022\/03\/affderm-2022-03-15T191931.744.png","articleSection":["Medical Dermatology","Skin Cancer"],"inLanguage":"es"},{"@type":"WebPage","@id":"https:\/\/affderm.com\/why-skin-exams-must-be-part-of-breast-cancer-discussions\/","url":"https:\/\/affderm.com\/why-skin-exams-must-be-part-of-breast-cancer-discussions\/","name":"Por qu\u00e9 los ex\u00e1menes de la piel deben formar parte de las conversaciones sobre el c\u00e1ncer de mama - Affiliated Dermatology","isPartOf":{"@id":"https:\/\/affderm.com\/#website"},"primaryImageOfPage":{"@id":"https:\/\/affderm.com\/why-skin-exams-must-be-part-of-breast-cancer-discussions\/#primaryimage"},"image":{"@id":"https:\/\/affderm.com\/why-skin-exams-must-be-part-of-breast-cancer-discussions\/#primaryimage"},"thumbnailUrl":"https:\/\/affderm.com\/wp-content\/uploads\/2022\/03\/affderm-2022-03-15T191931.744.png","datePublished":"2022-03-15T13:49:49+00:00","dateModified":"2024-05-24T18:47:01+00:00","author":{"@id":"https:\/\/affderm.com\/#\/schema\/person\/2c23376fe825a37257230a8c9f481131"},"breadcrumb":{"@id":"https:\/\/affderm.com\/why-skin-exams-must-be-part-of-breast-cancer-discussions\/#breadcrumb"},"inLanguage":"es","potentialAction":[{"@type":"ReadAction","target":["https:\/\/affderm.com\/why-skin-exams-must-be-part-of-breast-cancer-discussions\/"]}]},{"@type":"ImageObject","inLanguage":"es","@id":"https:\/\/affderm.com\/why-skin-exams-must-be-part-of-breast-cancer-discussions\/#primaryimage","url":"https:\/\/affderm.com\/wp-content\/uploads\/2022\/03\/affderm-2022-03-15T191931.744.png","contentUrl":"https:\/\/affderm.com\/wp-content\/uploads\/2022\/03\/affderm-2022-03-15T191931.744.png","width":1024,"height":512},{"@type":"BreadcrumbList","@id":"https:\/\/affderm.com\/why-skin-exams-must-be-part-of-breast-cancer-discussions\/#breadcrumb","itemListElement":[{"@type":"ListItem","position":1,"name":"Home","item":"https:\/\/affderm.com\/"},{"@type":"ListItem","position":2,"name":"Why Skin Exams Must Be Part of Breast Cancer Discu"}]},{"@type":"WebSite","@id":"https:\/\/affderm.com\/#website","url":"https:\/\/affderm.com\/","name":"Dermatolog\u00eda afiliada","description":"Expertos en tratamiento y prevenci\u00f3n de enfermedades cut\u00e1neas","potentialAction":[{"@type":"SearchAction","target":{"@type":"EntryPoint","urlTemplate":"https:\/\/affderm.com\/?s={search_term_string}"},"query-input":{"@type":"PropertyValueSpecification","valueRequired":true,"valueName":"search_term_string"}}],"inLanguage":"es"},{"@type":"Person","@id":"https:\/\/affderm.com\/#\/schema\/person\/2c23376fe825a37257230a8c9f481131","name":"adminaff","sameAs":["https:\/\/affderm.com\/affderm.com"],"url":"https:\/\/affderm.com\/es\/author\/adminaff\/"}]}},"_links":{"self":[{"href":"https:\/\/affderm.com\/es\/wp-json\/wp\/v2\/posts\/2770","targetHints":{"allow":["GET"]}}],"collection":[{"href":"https:\/\/affderm.com\/es\/wp-json\/wp\/v2\/posts"}],"about":[{"href":"https:\/\/affderm.com\/es\/wp-json\/wp\/v2\/types\/post"}],"author":[{"embeddable":true,"href":"https:\/\/affderm.com\/es\/wp-json\/wp\/v2\/users\/1"}],"replies":[{"embeddable":true,"href":"https:\/\/affderm.com\/es\/wp-json\/wp\/v2\/comments?post=2770"}],"version-history":[{"count":0,"href":"https:\/\/affderm.com\/es\/wp-json\/wp\/v2\/posts\/2770\/revisions"}],"wp:featuredmedia":[{"embeddable":true,"href":"https:\/\/affderm.com\/es\/wp-json\/wp\/v2\/media\/2781"}],"wp:attachment":[{"href":"https:\/\/affderm.com\/es\/wp-json\/wp\/v2\/media?parent=2770"}],"wp:term":[{"taxonomy":"category","embeddable":true,"href":"https:\/\/affderm.com\/es\/wp-json\/wp\/v2\/categories?post=2770"},{"taxonomy":"post_tag","embeddable":true,"href":"https:\/\/affderm.com\/es\/wp-json\/wp\/v2\/tags?post=2770"}],"curies":[{"name":"wp","href":"https:\/\/api.w.org\/{rel}","templated":true}]}}