{"id":6676,"date":"2022-09-09T15:50:31","date_gmt":"2022-09-09T22:50:31","guid":{"rendered":"https:\/\/affderm.com\/?p=6676"},"modified":"2024-05-24T11:26:29","modified_gmt":"2024-05-24T18:26:29","slug":"como-participar-en-el-mes-nacional-de-concienciacion-sobre-la-psoriasis","status":"publish","type":"post","link":"https:\/\/affderm.com\/es\/how-to-get-involved-with-national-psoriasis-awareness-month\/","title":{"rendered":"Mes nacional de concienciaci\u00f3n sobre la psoriasis"},"content":{"rendered":"<p>&nbsp;<\/p>\n<p><span style=\"font-weight: 400;\">La psoriasis es una enfermedad cr\u00f3nica de la piel muy com\u00fan, que a menudo provoca s\u00edntomas graves que pueden afectar considerablemente a la vida de una persona. Y, sin embargo, hay mucha gente que sabe poco o nada sobre ella.<\/span><\/p>\n<p><span style=\"font-weight: 400;\">Por ello, la Fundaci\u00f3n Nacional de Psoriasis (NPF) ha designado el mes de agosto como Mes Nacional de Concienciaci\u00f3n sobre la Psoriasis.\u00a0<\/span><\/p>\n<h2><span style=\"font-weight: 400;\">\u00bfQu\u00e9 es el Mes Nacional de Concienciaci\u00f3n sobre la Psoriasis?<\/span><\/h2>\n<p><span style=\"font-weight: 400;\">El Mes Nacional de Concienciaci\u00f3n sobre la Psoriasis tiene por objeto difundir un mayor conocimiento y educaci\u00f3n sobre la psoriasis, en un esfuerzo por aumentar los esfuerzos para encontrar una cura y hacer que quienes la padecen se sientan menos solos.\u00a0<\/span><\/p>\n<p>&nbsp;<\/p>\n<h2><span style=\"font-weight: 400;\">\u00bfQu\u00e9 es la psoriasis?<\/span><\/h2>\n<p><a href=\"https:\/\/affderm.com\/es\/servicios\/dermatologia-medica\/psoriasis\/\"><span style=\"font-weight: 400;\">Psoriasis <\/span><\/a><span style=\"font-weight: 400;\">es un trastorno inflamatorio cr\u00f3nico de la piel, no contagioso, que causa manchas escamosas elevadas (llamadas \"placas\") que var\u00edan en tama\u00f1o y gravedad. Estas placas suelen aparecer en los codos, las rodillas, la parte inferior de la espalda y el cuero cabelludo, y var\u00edan de leves a graves.\u00a0<\/span><\/p>\n<p><span style=\"font-weight: 400;\">La mayor\u00eda de los enfermos de psoriasis experimentan su primer episodio, o brote, entre los 15 y los 35 a\u00f1os de edad. A partir de entonces, la enfermedad suele pasar por periodos de remisi\u00f3n y reagudizaciones.<\/span><\/p>\n<h3><span style=\"font-weight: 400;\">\u00bfQu\u00e9 causa la psoriasis?<\/span><\/h3>\n<p><span style=\"font-weight: 400;\">La psoriasis est\u00e1 causada por una aceleraci\u00f3n del ritmo de crecimiento de la piel, que hace que las c\u00e9lulas cut\u00e1neas se multipliquen diez veces m\u00e1s deprisa de lo normal. Como las c\u00e9lulas se multiplican y maduran con tanta rapidez, la piel no es capaz de \"mantener el ritmo\", ya que elimina las c\u00e9lulas muertas a un ritmo normal. Por lo tanto, el exceso de c\u00e9lulas se acumula en manchas rojas y elevadas.\u00a0\u00a0<\/span><\/p>\n<p><span style=\"font-weight: 400;\">Aunque todav\u00eda no se conoce del todo la causa biol\u00f3gica de la psoriasis, sabemos que los factores desencadenantes pueden ser el estr\u00e9s, la dieta, el clima y las alergias.\u00a0<\/span><\/p>\n<h3><span style=\"font-weight: 400;\">\u00bfExiste cura para la psoriasis?<\/span><\/h3>\n<p><span style=\"font-weight: 400;\">Por desgracia, todav\u00eda no existe una cura para la psoriasis.\u00a0<\/span><\/p>\n<p><span style=\"font-weight: 400;\">Sin embargo, varias opciones de tratamiento pueden mejorar significativamente los s\u00edntomas de la psoriasis, como por ejemplo:<\/span><\/p>\n<ul>\n<li style=\"font-weight: 400;\" aria-level=\"1\"><span style=\"font-weight: 400;\">Tratamientos cut\u00e1neos t\u00f3picos<\/span><\/li>\n<li style=\"font-weight: 400;\" aria-level=\"1\"><span style=\"font-weight: 400;\">Tratamientos sist\u00e9micos (medicamentos con receta)<\/span><\/li>\n<li style=\"font-weight: 400;\" aria-level=\"1\"><span style=\"font-weight: 400;\">Fototerapia (terapia de luz)<\/span><\/li>\n<li style=\"font-weight: 400;\" aria-level=\"1\"><span style=\"font-weight: 400;\">Medicina integrativa<\/span><\/li>\n<\/ul>\n<p><span style=\"font-weight: 400;\"><br \/>\n<\/span><span style=\"font-weight: 400;\">Los tratamientos de la psoriasis no son necesariamente \"de talla \u00fanica\", por lo que es importante que las personas trabajen en estrecha colaboraci\u00f3n con un dermat\u00f3logo de confianza para lograr los mejores resultados posibles.\u00a0<\/span><\/p>\n<p>&nbsp;<\/p>\n<h2><span style=\"font-weight: 400;\">C\u00f3mo participar en el Mes Nacional de Concienciaci\u00f3n sobre la Psoriasis<\/span><\/h2>\n<p><span style=\"font-weight: 400;\">Tanto si usted como un ser querido padecen psoriasis, hay muchas formas de participar en el Mes de Sensibilizaci\u00f3n sobre la Psoriasis.\u00a0<\/span><\/p>\n<p><span style=\"font-weight: 400;\">T\u00fa puedes:<\/span><\/p>\n<ul>\n<li style=\"list-style-type: none;\">\n<ul>\n<li style=\"font-weight: 400;\" aria-level=\"1\"><span style=\"font-weight: 400;\">Publique en las redes sociales <\/span><b>comparta su historia personal<\/b><span style=\"font-weight: 400;\"> de la psoriasis, utilizando hashtags como #PsoriasisAwareness o #PsoriasisWarrior<\/span><\/li>\n<li style=\"font-weight: 400;\" aria-level=\"1\"><b>Compartir recursos informativos precisos<\/b><span style=\"font-weight: 400;\"> de fuentes fiables como el NPG, la Asociaci\u00f3n de la Academia Americana de Dermatolog\u00eda o los Institutos Nacionales de Salud.<\/span><\/li>\n<li style=\"font-weight: 400;\" aria-level=\"1\"><b>Participar en la investigaci\u00f3n de la psoriasis<\/b><span style=\"font-weight: 400;\">inscribi\u00e9ndose en un registro o ensayo cl\u00ednico<\/span><\/li>\n<\/ul>\n<\/li>\n<\/ul>\n<ul>\n<li aria-level=\"1\"><b>Donar a una organizaci\u00f3n contra la psoriasis <\/b><span style=\"font-weight: 400;\">para contribuir a los esfuerzos de investigaci\u00f3n<\/span><\/li>\n<\/ul>\n<ul>\n<li style=\"font-weight: 400;\" aria-level=\"1\"><span style=\"font-weight: 400;\">Inscr\u00edbete en <\/span><b>eventos presenciales o virtuales sobre la psoriasis<\/b><span style=\"font-weight: 400;\">incluidas las organizadas por la <\/span><a href=\"https:\/\/www.psoriasis.org\/advance\/psoriasis-action-month-here\/\"><span style=\"font-weight: 400;\">NPF<\/span><\/a><\/li>\n<\/ul>\n<h2><\/h2>\n<h2><span style=\"font-weight: 400;\">M\u00e1s informaci\u00f3n sobre el control de los s\u00edntomas de la psoriasis<\/span><\/h2>\n<p><span style=\"font-weight: 400;\">\u00bfTiene psoriasis? Aunque todav\u00eda no existe una cura, nuestro equipo de expertos en dermatolog\u00eda de Phoenix puede ayudarle a controlar eficazmente los s\u00edntomas con una amplia gama de opciones de tratamiento. Juntos, podemos encontrar un plan de tratamiento a medida que se adapte a sus necesidades \u00fanicas, ayudando a minimizar o eliminar sus s\u00edntomas.<\/span><\/p>\n<p><span style=\"font-weight: 400;\">Para m\u00e1s informaci\u00f3n sobre el tratamiento de la psoriasis en la zona de Phoenix, <a href=\"https:\/\/affderm.com\/es\/contacto\/\">p\u00f3ngase en contacto con Affiliated Dermatology<\/a> hoy.<\/span><\/p>","protected":false},"excerpt":{"rendered":"<p>&nbsp; Psoriasis is a very common chronic skin condition, often causing severe symptoms that can significantly affect an individual\u2019s life. [&hellip;]<\/p>\n","protected":false},"author":4,"featured_media":6677,"comment_status":"closed","ping_status":"closed","sticky":false,"template":"","format":"standard","meta":{"_acf_changed":false,"footnotes":""},"categories":[19],"tags":[],"class_list":["post-6676","post","type-post","status-publish","format-standard","has-post-thumbnail","hentry","category-skin-conditions"],"acf":[],"yoast_head":"<!-- This site is optimized with the Yoast SEO plugin v27.5 - https:\/\/yoast.com\/product\/yoast-seo-wordpress\/ -->\n<title>National Psoriasis Awareness Month | Affiliated Dermatology<\/title>\n<meta name=\"description\" content=\"To expand psoriasis awareness and help its sufferers feel less alone, the National Psoriasis Foundation (NPF) has named \u201cPsoriasis Awareness Month.\u201d\" \/>\n<meta name=\"robots\" content=\"index, follow, max-snippet:-1, max-image-preview:large, max-video-preview:-1\" \/>\n<link rel=\"canonical\" href=\"https:\/\/affderm.com\/es\/como-participar-en-el-mes-nacional-de-concienciacion-sobre-la-psoriasis\/\" \/>\n<meta property=\"og:locale\" content=\"es_MX\" \/>\n<meta property=\"og:type\" content=\"article\" \/>\n<meta property=\"og:title\" content=\"National Psoriasis Awareness Month | Affiliated Dermatology\" \/>\n<meta property=\"og:description\" content=\"To expand psoriasis awareness and help its sufferers feel less alone, the National Psoriasis Foundation (NPF) has named \u201cPsoriasis Awareness Month.\u201d\" \/>\n<meta property=\"og:url\" content=\"https:\/\/affderm.com\/es\/como-participar-en-el-mes-nacional-de-concienciacion-sobre-la-psoriasis\/\" \/>\n<meta property=\"og:site_name\" content=\"Affiliated Dermatology\" \/>\n<meta property=\"article:published_time\" content=\"2022-09-09T22:50:31+00:00\" \/>\n<meta property=\"article:modified_time\" content=\"2024-05-24T18:26:29+00:00\" \/>\n<meta property=\"og:image\" content=\"https:\/\/affderm.com\/wp-content\/uploads\/2022\/09\/psoriasis-treatment-phoenix-az.png\" \/>\n\t<meta property=\"og:image:width\" content=\"1536\" \/>\n\t<meta property=\"og:image:height\" content=\"512\" \/>\n\t<meta property=\"og:image:type\" content=\"image\/png\" \/>\n<meta name=\"author\" content=\"admin\" \/>\n<meta name=\"twitter:card\" content=\"summary_large_image\" \/>\n<meta name=\"twitter:label1\" content=\"Escrito por\" \/>\n\t<meta name=\"twitter:data1\" content=\"admin\" \/>\n\t<meta name=\"twitter:label2\" content=\"Tiempo de lectura\" \/>\n\t<meta name=\"twitter:data2\" content=\"3 minutos\" \/>\n<script type=\"application\/ld+json\" class=\"yoast-schema-graph\">{\"@context\":\"https:\\\/\\\/schema.org\",\"@graph\":[{\"@type\":\"Article\",\"@id\":\"https:\\\/\\\/affderm.com\\\/how-to-get-involved-with-national-psoriasis-awareness-month\\\/#article\",\"isPartOf\":{\"@id\":\"https:\\\/\\\/affderm.com\\\/how-to-get-involved-with-national-psoriasis-awareness-month\\\/\"},\"author\":{\"name\":\"admin\",\"@id\":\"https:\\\/\\\/affderm.com\\\/#\\\/schema\\\/person\\\/19e9c838164803fbe858c9f8ee06a455\"},\"headline\":\"National Psoriasis Awareness Month\",\"datePublished\":\"2022-09-09T22:50:31+00:00\",\"dateModified\":\"2024-05-24T18:26:29+00:00\",\"mainEntityOfPage\":{\"@id\":\"https:\\\/\\\/affderm.com\\\/how-to-get-involved-with-national-psoriasis-awareness-month\\\/\"},\"wordCount\":491,\"image\":{\"@id\":\"https:\\\/\\\/affderm.com\\\/how-to-get-involved-with-national-psoriasis-awareness-month\\\/#primaryimage\"},\"thumbnailUrl\":\"https:\\\/\\\/affderm.com\\\/wp-content\\\/uploads\\\/2022\\\/09\\\/psoriasis-treatment-phoenix-az.png\",\"articleSection\":[\"Skin Conditions\"],\"inLanguage\":\"es\"},{\"@type\":\"WebPage\",\"@id\":\"https:\\\/\\\/affderm.com\\\/how-to-get-involved-with-national-psoriasis-awareness-month\\\/\",\"url\":\"https:\\\/\\\/affderm.com\\\/how-to-get-involved-with-national-psoriasis-awareness-month\\\/\",\"name\":\"National Psoriasis Awareness Month | Affiliated Dermatology\",\"isPartOf\":{\"@id\":\"https:\\\/\\\/affderm.com\\\/#website\"},\"primaryImageOfPage\":{\"@id\":\"https:\\\/\\\/affderm.com\\\/how-to-get-involved-with-national-psoriasis-awareness-month\\\/#primaryimage\"},\"image\":{\"@id\":\"https:\\\/\\\/affderm.com\\\/how-to-get-involved-with-national-psoriasis-awareness-month\\\/#primaryimage\"},\"thumbnailUrl\":\"https:\\\/\\\/affderm.com\\\/wp-content\\\/uploads\\\/2022\\\/09\\\/psoriasis-treatment-phoenix-az.png\",\"datePublished\":\"2022-09-09T22:50:31+00:00\",\"dateModified\":\"2024-05-24T18:26:29+00:00\",\"author\":{\"@id\":\"https:\\\/\\\/affderm.com\\\/#\\\/schema\\\/person\\\/19e9c838164803fbe858c9f8ee06a455\"},\"description\":\"To expand psoriasis awareness and help its sufferers feel less alone, the National Psoriasis Foundation (NPF) has named \u201cPsoriasis Awareness Month.\u201d\",\"breadcrumb\":{\"@id\":\"https:\\\/\\\/affderm.com\\\/how-to-get-involved-with-national-psoriasis-awareness-month\\\/#breadcrumb\"},\"inLanguage\":\"es\",\"potentialAction\":[{\"@type\":\"ReadAction\",\"target\":[\"https:\\\/\\\/affderm.com\\\/how-to-get-involved-with-national-psoriasis-awareness-month\\\/\"]}]},{\"@type\":\"ImageObject\",\"inLanguage\":\"es\",\"@id\":\"https:\\\/\\\/affderm.com\\\/how-to-get-involved-with-national-psoriasis-awareness-month\\\/#primaryimage\",\"url\":\"https:\\\/\\\/affderm.com\\\/wp-content\\\/uploads\\\/2022\\\/09\\\/psoriasis-treatment-phoenix-az.png\",\"contentUrl\":\"https:\\\/\\\/affderm.com\\\/wp-content\\\/uploads\\\/2022\\\/09\\\/psoriasis-treatment-phoenix-az.png\",\"width\":1536,\"height\":512,\"caption\":\"Psoriasis Treatment Phoenix\"},{\"@type\":\"BreadcrumbList\",\"@id\":\"https:\\\/\\\/affderm.com\\\/how-to-get-involved-with-national-psoriasis-awareness-month\\\/#breadcrumb\",\"itemListElement\":[{\"@type\":\"ListItem\",\"position\":1,\"name\":\"Home\",\"item\":\"https:\\\/\\\/affderm.com\\\/\"},{\"@type\":\"ListItem\",\"position\":2,\"name\":\"National Psoriasis Awareness Month\"}]},{\"@type\":\"WebSite\",\"@id\":\"https:\\\/\\\/affderm.com\\\/#website\",\"url\":\"https:\\\/\\\/affderm.com\\\/\",\"name\":\"Affiliated Dermatology\",\"description\":\"Experts in Skin Disease Treatment &amp; Prevention\",\"potentialAction\":[{\"@type\":\"SearchAction\",\"target\":{\"@type\":\"EntryPoint\",\"urlTemplate\":\"https:\\\/\\\/affderm.com\\\/?s={search_term_string}\"},\"query-input\":{\"@type\":\"PropertyValueSpecification\",\"valueRequired\":true,\"valueName\":\"search_term_string\"}}],\"inLanguage\":\"es\"},{\"@type\":\"Person\",\"@id\":\"https:\\\/\\\/affderm.com\\\/#\\\/schema\\\/person\\\/19e9c838164803fbe858c9f8ee06a455\",\"name\":\"admin\",\"url\":\"https:\\\/\\\/affderm.com\\\/es\\\/author\\\/agency-it\\\/\"}]}<\/script>\n<!-- \/ Yoast SEO plugin. -->","yoast_head_json":{"title":"Mes nacional de concienciaci\u00f3n sobre la psoriasis | Affiliated Dermatology","description":"Para ampliar la concienciaci\u00f3n sobre la psoriasis y ayudar a quienes la padecen a sentirse menos solos, la Fundaci\u00f3n Nacional de Psoriasis (NPF) ha nombrado el \"Mes de la Concienciaci\u00f3n sobre la Psoriasis\".","robots":{"index":"index","follow":"follow","max-snippet":"max-snippet:-1","max-image-preview":"max-image-preview:large","max-video-preview":"max-video-preview:-1"},"canonical":"https:\/\/affderm.com\/es\/como-participar-en-el-mes-nacional-de-concienciacion-sobre-la-psoriasis\/","og_locale":"es_MX","og_type":"article","og_title":"National Psoriasis Awareness Month | Affiliated Dermatology","og_description":"To expand psoriasis awareness and help its sufferers feel less alone, the National Psoriasis Foundation (NPF) has named \u201cPsoriasis Awareness Month.\u201d","og_url":"https:\/\/affderm.com\/es\/como-participar-en-el-mes-nacional-de-concienciacion-sobre-la-psoriasis\/","og_site_name":"Affiliated Dermatology","article_published_time":"2022-09-09T22:50:31+00:00","article_modified_time":"2024-05-24T18:26:29+00:00","og_image":[{"width":1536,"height":512,"url":"https:\/\/affderm.com\/wp-content\/uploads\/2022\/09\/psoriasis-treatment-phoenix-az.png","type":"image\/png"}],"author":"admin","twitter_card":"summary_large_image","twitter_misc":{"Escrito por":"admin","Tiempo de lectura":"3 minutos"},"schema":{"@context":"https:\/\/schema.org","@graph":[{"@type":"Article","@id":"https:\/\/affderm.com\/how-to-get-involved-with-national-psoriasis-awareness-month\/#article","isPartOf":{"@id":"https:\/\/affderm.com\/how-to-get-involved-with-national-psoriasis-awareness-month\/"},"author":{"name":"admin","@id":"https:\/\/affderm.com\/#\/schema\/person\/19e9c838164803fbe858c9f8ee06a455"},"headline":"National Psoriasis Awareness Month","datePublished":"2022-09-09T22:50:31+00:00","dateModified":"2024-05-24T18:26:29+00:00","mainEntityOfPage":{"@id":"https:\/\/affderm.com\/how-to-get-involved-with-national-psoriasis-awareness-month\/"},"wordCount":491,"image":{"@id":"https:\/\/affderm.com\/how-to-get-involved-with-national-psoriasis-awareness-month\/#primaryimage"},"thumbnailUrl":"https:\/\/affderm.com\/wp-content\/uploads\/2022\/09\/psoriasis-treatment-phoenix-az.png","articleSection":["Skin Conditions"],"inLanguage":"es"},{"@type":"WebPage","@id":"https:\/\/affderm.com\/how-to-get-involved-with-national-psoriasis-awareness-month\/","url":"https:\/\/affderm.com\/how-to-get-involved-with-national-psoriasis-awareness-month\/","name":"Mes nacional de concienciaci\u00f3n sobre la psoriasis | Affiliated Dermatology","isPartOf":{"@id":"https:\/\/affderm.com\/#website"},"primaryImageOfPage":{"@id":"https:\/\/affderm.com\/how-to-get-involved-with-national-psoriasis-awareness-month\/#primaryimage"},"image":{"@id":"https:\/\/affderm.com\/how-to-get-involved-with-national-psoriasis-awareness-month\/#primaryimage"},"thumbnailUrl":"https:\/\/affderm.com\/wp-content\/uploads\/2022\/09\/psoriasis-treatment-phoenix-az.png","datePublished":"2022-09-09T22:50:31+00:00","dateModified":"2024-05-24T18:26:29+00:00","author":{"@id":"https:\/\/affderm.com\/#\/schema\/person\/19e9c838164803fbe858c9f8ee06a455"},"description":"Para ampliar la concienciaci\u00f3n sobre la psoriasis y ayudar a quienes la padecen a sentirse menos solos, la Fundaci\u00f3n Nacional de Psoriasis (NPF) ha nombrado el \"Mes de la Concienciaci\u00f3n sobre la Psoriasis\".","breadcrumb":{"@id":"https:\/\/affderm.com\/how-to-get-involved-with-national-psoriasis-awareness-month\/#breadcrumb"},"inLanguage":"es","potentialAction":[{"@type":"ReadAction","target":["https:\/\/affderm.com\/how-to-get-involved-with-national-psoriasis-awareness-month\/"]}]},{"@type":"ImageObject","inLanguage":"es","@id":"https:\/\/affderm.com\/how-to-get-involved-with-national-psoriasis-awareness-month\/#primaryimage","url":"https:\/\/affderm.com\/wp-content\/uploads\/2022\/09\/psoriasis-treatment-phoenix-az.png","contentUrl":"https:\/\/affderm.com\/wp-content\/uploads\/2022\/09\/psoriasis-treatment-phoenix-az.png","width":1536,"height":512,"caption":"Psoriasis Treatment Phoenix"},{"@type":"BreadcrumbList","@id":"https:\/\/affderm.com\/how-to-get-involved-with-national-psoriasis-awareness-month\/#breadcrumb","itemListElement":[{"@type":"ListItem","position":1,"name":"Home","item":"https:\/\/affderm.com\/"},{"@type":"ListItem","position":2,"name":"National Psoriasis Awareness Month"}]},{"@type":"WebSite","@id":"https:\/\/affderm.com\/#website","url":"https:\/\/affderm.com\/","name":"Dermatolog\u00eda afiliada","description":"Expertos en tratamiento y prevenci\u00f3n de enfermedades cut\u00e1neas","potentialAction":[{"@type":"SearchAction","target":{"@type":"EntryPoint","urlTemplate":"https:\/\/affderm.com\/?s={search_term_string}"},"query-input":{"@type":"PropertyValueSpecification","valueRequired":true,"valueName":"search_term_string"}}],"inLanguage":"es"},{"@type":"Person","@id":"https:\/\/affderm.com\/#\/schema\/person\/19e9c838164803fbe858c9f8ee06a455","name":"admin","url":"https:\/\/affderm.com\/es\/author\/agency-it\/"}]}},"_links":{"self":[{"href":"https:\/\/affderm.com\/es\/wp-json\/wp\/v2\/posts\/6676","targetHints":{"allow":["GET"]}}],"collection":[{"href":"https:\/\/affderm.com\/es\/wp-json\/wp\/v2\/posts"}],"about":[{"href":"https:\/\/affderm.com\/es\/wp-json\/wp\/v2\/types\/post"}],"author":[{"embeddable":true,"href":"https:\/\/affderm.com\/es\/wp-json\/wp\/v2\/users\/4"}],"replies":[{"embeddable":true,"href":"https:\/\/affderm.com\/es\/wp-json\/wp\/v2\/comments?post=6676"}],"version-history":[{"count":0,"href":"https:\/\/affderm.com\/es\/wp-json\/wp\/v2\/posts\/6676\/revisions"}],"wp:featuredmedia":[{"embeddable":true,"href":"https:\/\/affderm.com\/es\/wp-json\/wp\/v2\/media\/6677"}],"wp:attachment":[{"href":"https:\/\/affderm.com\/es\/wp-json\/wp\/v2\/media?parent=6676"}],"wp:term":[{"taxonomy":"category","embeddable":true,"href":"https:\/\/affderm.com\/es\/wp-json\/wp\/v2\/categories?post=6676"},{"taxonomy":"post_tag","embeddable":true,"href":"https:\/\/affderm.com\/es\/wp-json\/wp\/v2\/tags?post=6676"}],"curies":[{"name":"wp","href":"https:\/\/api.w.org\/{rel}","templated":true}]}}